{"id":13894,"date":"2025-09-05T15:39:43","date_gmt":"2025-09-05T19:39:43","guid":{"rendered":"https:\/\/elconquistadorredloslagos.cl\/test\/?p=13894"},"modified":"2025-09-05T15:39:44","modified_gmt":"2025-09-05T19:39:44","slug":"nina-de-11-anos-resulto-herida-tras-ataque-de-puma-en-parque-nacional-pumalin","status":"publish","type":"post","link":"https:\/\/elconquistadorredloslagos.cl\/test\/blog\/2025\/09\/05\/nina-de-11-anos-resulto-herida-tras-ataque-de-puma-en-parque-nacional-pumalin\/","title":{"rendered":"Ni\u00f1a de 11 a\u00f1os result\u00f3 herida tras ataque de puma en Parque Nacional Pumal\u00edn"},"content":{"rendered":"\n<p>Una menor de 11 a\u00f1os sufri\u00f3 una lesi\u00f3n leve en una pierna luego de ser mordida por un puma en el Parque Nacional Pumal\u00edn, comuna de Chait\u00e9n. El hecho ocurri\u00f3 cuando la ni\u00f1a paseaba junto a sus padres por uno de los senderos del lugar y, tras separarse algunos metros de ellos, se produjo el inesperado encuentro con el animal.<\/p>\n\n\n\n<p>Marco Inarejo, director regional subrogante de la Corporaci\u00f3n Nacional Forestal (CONAF), confirm\u00f3 que el incidente tuvo lugar en un sector no habilitado para visitantes. En esa l\u00ednea, llam\u00f3 a la comunidad a recorrer exclusivamente las \u00e1reas autorizadas de los parques nacionales, dise\u00f1adas para garantizar la seguridad de los turistas y reducir el riesgo de contacto con fauna silvestre.<\/p>\n\n\n\n<figure class=\"wp-block-audio\"><audio controls src=\"https:\/\/elconquistadorredloslagos.cl\/test\/wp-content\/uploads\/2025\/09\/CUNA-CONAF.mp3\"><\/audio><\/figure>\n\n\n\n<p>En tanto, el director del Hospital de Chait\u00e9n, doctor Diego Dur\u00e1n, indic\u00f3 que la herida fue superficial y la menor se encuentra fuera de riesgo. Agreg\u00f3 que se trat\u00f3 de una situaci\u00f3n aislada, destacando que en la zona no se registran antecedentes de ataques similares por parte de pumas.<\/p>\n\n\n\n<figure class=\"wp-block-audio\"><audio controls src=\"https:\/\/elconquistadorredloslagos.cl\/test\/wp-content\/uploads\/2025\/09\/CUNA-DOCTOR-X-PARQUE-PUMALIN.mp3\"><\/audio><\/figure>\n\n\n\n<p>El caso gener\u00f3 preocupaci\u00f3n en la comunidad, pero desde las autoridades reiteraron que la clave es respetar las indicaciones y las rutas oficiales de los parques para evitar situaciones de este tipo.<\/p>\n\n\n\n<p>\ud83d\udcf7 Referencial<\/p>\n","protected":false},"excerpt":{"rendered":"<p>Una menor de 11 a\u00f1os sufri\u00f3 una lesi\u00f3n leve en una pierna luego de ser mordida por un puma en el Parque Nacional Pumal\u00edn, comuna de Chait\u00e9n. El hecho ocurri\u00f3..<\/p>\n","protected":false},"author":2,"featured_media":13897,"comment_status":"closed","ping_status":"open","sticky":false,"template":"","format":"standard","meta":{"footnotes":""},"categories":[1,28],"tags":[],"class_list":["post-13894","post","type-post","status-publish","format-standard","has-post-thumbnail","hentry","category-acontecer","category-actual"],"rttpg_featured_image_url":{"full":["https:\/\/elconquistadorredloslagos.cl\/test\/wp-content\/uploads\/2025\/09\/img-19.jpg",1920,1080,false],"landscape":["https:\/\/elconquistadorredloslagos.cl\/test\/wp-content\/uploads\/2025\/09\/img-19.jpg",1920,1080,false],"portraits":["https:\/\/elconquistadorredloslagos.cl\/test\/wp-content\/uploads\/2025\/09\/img-19.jpg",1920,1080,false],"thumbnail":["https:\/\/elconquistadorredloslagos.cl\/test\/wp-content\/uploads\/2025\/09\/img-19-150x150.jpg",150,150,true],"medium":["https:\/\/elconquistadorredloslagos.cl\/test\/wp-content\/uploads\/2025\/09\/img-19-300x169.jpg",300,169,true],"large":["https:\/\/elconquistadorredloslagos.cl\/test\/wp-content\/uploads\/2025\/09\/img-19-1024x576.jpg",1024,576,true],"1536x1536":["https:\/\/elconquistadorredloslagos.cl\/test\/wp-content\/uploads\/2025\/09\/img-19-1536x864.jpg",1536,864,true],"2048x2048":["https:\/\/elconquistadorredloslagos.cl\/test\/wp-content\/uploads\/2025\/09\/img-19.jpg",1920,1080,false]},"rttpg_author":{"display_name":"ccardenas","author_link":"https:\/\/elconquistadorredloslagos.cl\/test\/blog\/author\/ccardenas\/"},"rttpg_comment":0,"rttpg_category":"<a href=\"https:\/\/elconquistadorredloslagos.cl\/test\/blog\/category\/actual\/acontecer\/\" rel=\"category tag\">Acontecer<\/a> <a href=\"https:\/\/elconquistadorredloslagos.cl\/test\/blog\/category\/actual\/\" rel=\"category tag\">Actualidad<\/a>","rttpg_excerpt":"Una menor de 11 a\u00f1os sufri\u00f3 una lesi\u00f3n leve en una pierna luego de ser mordida por un puma en el Parque Nacional Pumal\u00edn, comuna de Chait\u00e9n. El hecho ocurri\u00f3..","_links":{"self":[{"href":"https:\/\/elconquistadorredloslagos.cl\/test\/wp-json\/wp\/v2\/posts\/13894","targetHints":{"allow":["GET"]}}],"collection":[{"href":"https:\/\/elconquistadorredloslagos.cl\/test\/wp-json\/wp\/v2\/posts"}],"about":[{"href":"https:\/\/elconquistadorredloslagos.cl\/test\/wp-json\/wp\/v2\/types\/post"}],"author":[{"embeddable":true,"href":"https:\/\/elconquistadorredloslagos.cl\/test\/wp-json\/wp\/v2\/users\/2"}],"replies":[{"embeddable":true,"href":"https:\/\/elconquistadorredloslagos.cl\/test\/wp-json\/wp\/v2\/comments?post=13894"}],"version-history":[{"count":1,"href":"https:\/\/elconquistadorredloslagos.cl\/test\/wp-json\/wp\/v2\/posts\/13894\/revisions"}],"predecessor-version":[{"id":13898,"href":"https:\/\/elconquistadorredloslagos.cl\/test\/wp-json\/wp\/v2\/posts\/13894\/revisions\/13898"}],"wp:featuredmedia":[{"embeddable":true,"href":"https:\/\/elconquistadorredloslagos.cl\/test\/wp-json\/wp\/v2\/media\/13897"}],"wp:attachment":[{"href":"https:\/\/elconquistadorredloslagos.cl\/test\/wp-json\/wp\/v2\/media?parent=13894"}],"wp:term":[{"taxonomy":"category","embeddable":true,"href":"https:\/\/elconquistadorredloslagos.cl\/test\/wp-json\/wp\/v2\/categories?post=13894"},{"taxonomy":"post_tag","embeddable":true,"href":"https:\/\/elconquistadorredloslagos.cl\/test\/wp-json\/wp\/v2\/tags?post=13894"}],"curies":[{"name":"wp","href":"https:\/\/api.w.org\/{rel}","templated":true}]}}