{"id":13890,"date":"2025-09-05T15:32:01","date_gmt":"2025-09-05T19:32:01","guid":{"rendered":"https:\/\/elconquistadorredloslagos.cl\/test\/?p=13890"},"modified":"2025-09-05T15:32:02","modified_gmt":"2025-09-05T19:32:02","slug":"prision-preventiva-para-representante-legal-de-autoahorro-tras-formalizacion-por-millonaria-estafa","status":"publish","type":"post","link":"https:\/\/elconquistadorredloslagos.cl\/test\/blog\/2025\/09\/05\/prision-preventiva-para-representante-legal-de-autoahorro-tras-formalizacion-por-millonaria-estafa\/","title":{"rendered":"Prisi\u00f3n preventiva para representante legal de AutoAhorro tras formalizaci\u00f3n por millonaria estafa"},"content":{"rendered":"\n<p>El representante legal de la empresa AutoAhorro, Marcelo Mancilla, qued\u00f3 en prisi\u00f3n preventiva luego de ser formalizado en Puerto Montt por un millonario fraude que se expandi\u00f3 hacia distintas regiones del pa\u00eds. La investigaci\u00f3n de la Fiscal\u00eda sostiene que el acusado ofrec\u00eda un supuesto plan de ahorro para adquirir veh\u00edculos, esquema que operaba bajo la l\u00f3gica de una estafa piramidal.<\/p>\n\n\n\n<p>Seg\u00fan explic\u00f3 el fiscal Mario de la Fuente, los clientes pagaban una suscripci\u00f3n inicial que fluctuaba entre $690 mil y $2 millones 500 mil, dependiendo del modelo de autom\u00f3vil elegido. Posteriormente, el valor total del veh\u00edculo se divid\u00eda en 100 cuotas. Sin embargo, los aportes de los nuevos suscriptores eran utilizados para pagar a los antiguos, sin una actividad econ\u00f3mica real que respaldara el negocio.<\/p>\n\n\n\n<figure class=\"wp-block-audio\"><audio controls src=\"https:\/\/elconquistadorredloslagos.cl\/test\/wp-content\/uploads\/2025\/09\/CUNA-FISCAL-DE-LA-FUENTE.mp3\"><\/audio><\/figure>\n\n\n\n<p>Mancilla, quien adem\u00e1s figura como socio fundador y se autodefine como \u201cagente mercantil\u201d, enfrenta cargos por defraudar a cientos de personas. Su defensa, encabezada por el abogado Sergio Cordero, solicit\u00f3 medidas cautelares menos restrictivas, alegando que la Fiscal\u00eda se equivocaba al sostener que su cliente estaba pr\u00f3fugo. El juez de garant\u00eda Juan Orellana desestim\u00f3 el requerimiento y accedi\u00f3 a la petici\u00f3n del Ministerio P\u00fablico de levantar el secreto bancario.<\/p>\n\n\n\n<p>El tribunal fij\u00f3 un plazo de 120 d\u00edas para la investigaci\u00f3n, en la que tambi\u00e9n se mantienen incautados fondos y dispositivos electr\u00f3nicos vinculados al imputado.<\/p>\n","protected":false},"excerpt":{"rendered":"<p>El representante legal de la empresa AutoAhorro, Marcelo Mancilla, qued\u00f3 en prisi\u00f3n preventiva luego de ser formalizado en Puerto Montt por un millonario fraude que se expandi\u00f3 hacia distintas regiones..<\/p>\n","protected":false},"author":2,"featured_media":13892,"comment_status":"closed","ping_status":"open","sticky":false,"template":"","format":"standard","meta":{"footnotes":""},"categories":[1,28,56],"tags":[],"class_list":["post-13890","post","type-post","status-publish","format-standard","has-post-thumbnail","hentry","category-acontecer","category-actual","category-puerto-montt"],"rttpg_featured_image_url":{"full":["https:\/\/elconquistadorredloslagos.cl\/test\/wp-content\/uploads\/2025\/09\/img-18.jpg",1920,1080,false],"landscape":["https:\/\/elconquistadorredloslagos.cl\/test\/wp-content\/uploads\/2025\/09\/img-18.jpg",1920,1080,false],"portraits":["https:\/\/elconquistadorredloslagos.cl\/test\/wp-content\/uploads\/2025\/09\/img-18.jpg",1920,1080,false],"thumbnail":["https:\/\/elconquistadorredloslagos.cl\/test\/wp-content\/uploads\/2025\/09\/img-18-150x150.jpg",150,150,true],"medium":["https:\/\/elconquistadorredloslagos.cl\/test\/wp-content\/uploads\/2025\/09\/img-18-300x169.jpg",300,169,true],"large":["https:\/\/elconquistadorredloslagos.cl\/test\/wp-content\/uploads\/2025\/09\/img-18-1024x576.jpg",1024,576,true],"1536x1536":["https:\/\/elconquistadorredloslagos.cl\/test\/wp-content\/uploads\/2025\/09\/img-18-1536x864.jpg",1536,864,true],"2048x2048":["https:\/\/elconquistadorredloslagos.cl\/test\/wp-content\/uploads\/2025\/09\/img-18.jpg",1920,1080,false]},"rttpg_author":{"display_name":"ccardenas","author_link":"https:\/\/elconquistadorredloslagos.cl\/test\/blog\/author\/ccardenas\/"},"rttpg_comment":0,"rttpg_category":"<a href=\"https:\/\/elconquistadorredloslagos.cl\/test\/blog\/category\/actual\/acontecer\/\" rel=\"category tag\">Acontecer<\/a> <a href=\"https:\/\/elconquistadorredloslagos.cl\/test\/blog\/category\/actual\/\" rel=\"category tag\">Actualidad<\/a> <a href=\"https:\/\/elconquistadorredloslagos.cl\/test\/blog\/category\/chile\/puerto-montt\/\" rel=\"category tag\">Puerto Montt<\/a>","rttpg_excerpt":"El representante legal de la empresa AutoAhorro, Marcelo Mancilla, qued\u00f3 en prisi\u00f3n preventiva luego de ser formalizado en Puerto Montt por un millonario fraude que se expandi\u00f3 hacia distintas regiones..","_links":{"self":[{"href":"https:\/\/elconquistadorredloslagos.cl\/test\/wp-json\/wp\/v2\/posts\/13890","targetHints":{"allow":["GET"]}}],"collection":[{"href":"https:\/\/elconquistadorredloslagos.cl\/test\/wp-json\/wp\/v2\/posts"}],"about":[{"href":"https:\/\/elconquistadorredloslagos.cl\/test\/wp-json\/wp\/v2\/types\/post"}],"author":[{"embeddable":true,"href":"https:\/\/elconquistadorredloslagos.cl\/test\/wp-json\/wp\/v2\/users\/2"}],"replies":[{"embeddable":true,"href":"https:\/\/elconquistadorredloslagos.cl\/test\/wp-json\/wp\/v2\/comments?post=13890"}],"version-history":[{"count":1,"href":"https:\/\/elconquistadorredloslagos.cl\/test\/wp-json\/wp\/v2\/posts\/13890\/revisions"}],"predecessor-version":[{"id":13893,"href":"https:\/\/elconquistadorredloslagos.cl\/test\/wp-json\/wp\/v2\/posts\/13890\/revisions\/13893"}],"wp:featuredmedia":[{"embeddable":true,"href":"https:\/\/elconquistadorredloslagos.cl\/test\/wp-json\/wp\/v2\/media\/13892"}],"wp:attachment":[{"href":"https:\/\/elconquistadorredloslagos.cl\/test\/wp-json\/wp\/v2\/media?parent=13890"}],"wp:term":[{"taxonomy":"category","embeddable":true,"href":"https:\/\/elconquistadorredloslagos.cl\/test\/wp-json\/wp\/v2\/categories?post=13890"},{"taxonomy":"post_tag","embeddable":true,"href":"https:\/\/elconquistadorredloslagos.cl\/test\/wp-json\/wp\/v2\/tags?post=13890"}],"curies":[{"name":"wp","href":"https:\/\/api.w.org\/{rel}","templated":true}]}}