{"id":13886,"date":"2025-09-05T15:24:44","date_gmt":"2025-09-05T19:24:44","guid":{"rendered":"https:\/\/elconquistadorredloslagos.cl\/test\/?p=13886"},"modified":"2025-09-05T15:24:45","modified_gmt":"2025-09-05T19:24:45","slug":"gobernador-santana-alerta-por-fuerte-recorte-presupuestario-para-la-region-de-los-lagos-en-2026","status":"publish","type":"post","link":"https:\/\/elconquistadorredloslagos.cl\/test\/blog\/2025\/09\/05\/gobernador-santana-alerta-por-fuerte-recorte-presupuestario-para-la-region-de-los-lagos-en-2026\/","title":{"rendered":"Gobernador Santana alerta por fuerte recorte presupuestario para la Regi\u00f3n de Los Lagos en 2026"},"content":{"rendered":"\n<p>El gobernador regional de Los Lagos, Alejandro Santana, advirti\u00f3 que la propuesta de presupuesto presentada por el Gobierno para 2026 contempla un decrecimiento real cercano al 10% para la zona. La calific\u00f3 como la peor asignaci\u00f3n de recursos desde 2018, incluso por debajo de la experimentada este 2025, advirtiendo un impacto directo en las comunidades m\u00e1s vulnerables.<\/p>\n\n\n\n<p>Santana manifest\u00f3 que esta rebaja compromete seriamente la continuidad de proyectos clave para el desarrollo regional. Critic\u00f3 adem\u00e1s la pol\u00edtica de financiamiento del gobierno central hacia las regiones, se\u00f1alando que limita la capacidad de respuesta frente a las necesidades locales.<\/p>\n\n\n\n<figure class=\"wp-block-audio\"><audio controls src=\"https:\/\/elconquistadorredloslagos.cl\/test\/wp-content\/uploads\/2025\/09\/CUNA-SANTANA-X-PRESUPUESTO.mp3\"><\/audio><\/figure>\n\n\n\n<p>Durante la ma\u00f1ana de este viernes, Santana sostuvo una reuni\u00f3n de urgencia con parlamentarios de la zona para evaluar el alcance de la medida y coordinar acciones frente a lo que calific\u00f3 como un severo retroceso para la Regi\u00f3n de Los Lagos.<\/p>\n","protected":false},"excerpt":{"rendered":"<p>El gobernador regional de Los Lagos, Alejandro Santana, advirti\u00f3 que la propuesta de presupuesto presentada por el Gobierno para 2026 contempla un decrecimiento real cercano al 10% para la zona&#8230;<\/p>\n","protected":false},"author":2,"featured_media":13888,"comment_status":"closed","ping_status":"open","sticky":false,"template":"","format":"standard","meta":{"footnotes":""},"categories":[1,28,51,54,55,38,56],"tags":[],"class_list":["post-13886","post","type-post","status-publish","format-standard","has-post-thumbnail","hentry","category-acontecer","category-actual","category-chiloe","category-lago-llanquihue","category-osorno","category-politica","category-puerto-montt"],"rttpg_featured_image_url":{"full":["https:\/\/elconquistadorredloslagos.cl\/test\/wp-content\/uploads\/2025\/09\/img-17.jpg",1920,1080,false],"landscape":["https:\/\/elconquistadorredloslagos.cl\/test\/wp-content\/uploads\/2025\/09\/img-17.jpg",1920,1080,false],"portraits":["https:\/\/elconquistadorredloslagos.cl\/test\/wp-content\/uploads\/2025\/09\/img-17.jpg",1920,1080,false],"thumbnail":["https:\/\/elconquistadorredloslagos.cl\/test\/wp-content\/uploads\/2025\/09\/img-17-150x150.jpg",150,150,true],"medium":["https:\/\/elconquistadorredloslagos.cl\/test\/wp-content\/uploads\/2025\/09\/img-17-300x169.jpg",300,169,true],"large":["https:\/\/elconquistadorredloslagos.cl\/test\/wp-content\/uploads\/2025\/09\/img-17-1024x576.jpg",1024,576,true],"1536x1536":["https:\/\/elconquistadorredloslagos.cl\/test\/wp-content\/uploads\/2025\/09\/img-17-1536x864.jpg",1536,864,true],"2048x2048":["https:\/\/elconquistadorredloslagos.cl\/test\/wp-content\/uploads\/2025\/09\/img-17.jpg",1920,1080,false]},"rttpg_author":{"display_name":"ccardenas","author_link":"https:\/\/elconquistadorredloslagos.cl\/test\/blog\/author\/ccardenas\/"},"rttpg_comment":0,"rttpg_category":"<a href=\"https:\/\/elconquistadorredloslagos.cl\/test\/blog\/category\/actual\/acontecer\/\" rel=\"category tag\">Acontecer<\/a> <a href=\"https:\/\/elconquistadorredloslagos.cl\/test\/blog\/category\/actual\/\" rel=\"category tag\">Actualidad<\/a> <a href=\"https:\/\/elconquistadorredloslagos.cl\/test\/blog\/category\/chile\/chiloe\/\" rel=\"category tag\">Chilo\u00e9<\/a> <a href=\"https:\/\/elconquistadorredloslagos.cl\/test\/blog\/category\/chile\/lago-llanquihue\/\" rel=\"category tag\">Lago LLanquihue<\/a> <a href=\"https:\/\/elconquistadorredloslagos.cl\/test\/blog\/category\/chile\/osorno\/\" rel=\"category tag\">Osorno<\/a> <a href=\"https:\/\/elconquistadorredloslagos.cl\/test\/blog\/category\/actual\/politica\/\" rel=\"category tag\">Politica<\/a> <a href=\"https:\/\/elconquistadorredloslagos.cl\/test\/blog\/category\/chile\/puerto-montt\/\" rel=\"category tag\">Puerto Montt<\/a>","rttpg_excerpt":"El gobernador regional de Los Lagos, Alejandro Santana, advirti\u00f3 que la propuesta de presupuesto presentada por el Gobierno para 2026 contempla un decrecimiento real cercano al 10% para la zona...","_links":{"self":[{"href":"https:\/\/elconquistadorredloslagos.cl\/test\/wp-json\/wp\/v2\/posts\/13886","targetHints":{"allow":["GET"]}}],"collection":[{"href":"https:\/\/elconquistadorredloslagos.cl\/test\/wp-json\/wp\/v2\/posts"}],"about":[{"href":"https:\/\/elconquistadorredloslagos.cl\/test\/wp-json\/wp\/v2\/types\/post"}],"author":[{"embeddable":true,"href":"https:\/\/elconquistadorredloslagos.cl\/test\/wp-json\/wp\/v2\/users\/2"}],"replies":[{"embeddable":true,"href":"https:\/\/elconquistadorredloslagos.cl\/test\/wp-json\/wp\/v2\/comments?post=13886"}],"version-history":[{"count":1,"href":"https:\/\/elconquistadorredloslagos.cl\/test\/wp-json\/wp\/v2\/posts\/13886\/revisions"}],"predecessor-version":[{"id":13889,"href":"https:\/\/elconquistadorredloslagos.cl\/test\/wp-json\/wp\/v2\/posts\/13886\/revisions\/13889"}],"wp:featuredmedia":[{"embeddable":true,"href":"https:\/\/elconquistadorredloslagos.cl\/test\/wp-json\/wp\/v2\/media\/13888"}],"wp:attachment":[{"href":"https:\/\/elconquistadorredloslagos.cl\/test\/wp-json\/wp\/v2\/media?parent=13886"}],"wp:term":[{"taxonomy":"category","embeddable":true,"href":"https:\/\/elconquistadorredloslagos.cl\/test\/wp-json\/wp\/v2\/categories?post=13886"},{"taxonomy":"post_tag","embeddable":true,"href":"https:\/\/elconquistadorredloslagos.cl\/test\/wp-json\/wp\/v2\/tags?post=13886"}],"curies":[{"name":"wp","href":"https:\/\/api.w.org\/{rel}","templated":true}]}}