{"id":13881,"date":"2025-09-05T15:19:04","date_gmt":"2025-09-05T19:19:04","guid":{"rendered":"https:\/\/elconquistadorredloslagos.cl\/test\/?p=13881"},"modified":"2025-09-05T15:19:05","modified_gmt":"2025-09-05T19:19:05","slug":"con-nueva-especialista-servicio-de-salud-chiloe-fortalece-atencion-medica-en-la-provincia","status":"publish","type":"post","link":"https:\/\/elconquistadorredloslagos.cl\/test\/blog\/2025\/09\/05\/con-nueva-especialista-servicio-de-salud-chiloe-fortalece-atencion-medica-en-la-provincia\/","title":{"rendered":"Con nueva especialista Servicio de Salud Chilo\u00e9 fortalece atenci\u00f3n m\u00e9dica en la provincia"},"content":{"rendered":"\n<p>Para garantizar la oportunidad de acceso, reforzar y fortalecer la atenci\u00f3n m\u00e9dica a los usuarios y usuarias de la salud p\u00fablica del archipi\u00e9lago de Chilo\u00e9, una nueva especialista en Traumatolog\u00eda Adulto se sum\u00f3 a la Red Asistencial de la Provincia, para cumplir con su Per\u00edodo Asistencial Obligatorio (PAO) en el Hospital de Castro.<\/p>\n\n\n\n<p>La doctora Catalina Astroza, castre\u00f1a de nacimiento, estudi\u00f3 en el liceo Galvarino Riveros C\u00e1rdenas, para luego realizar sus estudios de pregrado en la Universidad Mayor de Temuco.<\/p>\n\n\n\n<p>Tras su paso por la universidad, durante la pandemia trabaj\u00f3 en los servicios de Urgencia del SAR y Hospital de Castro y UPC COVID. M\u00e1s tarde, se traslad\u00f3 hasta la capital Regional de la Araucan\u00eda, para para continuar con su especializaci\u00f3n en la Universidad de la Frontera en el hospital Regional doctor Hern\u00e1n Henr\u00edquez Aravena de Temuco.<\/p>\n\n\n\n<p>Hoy, la profesional regresa como especialista a la red asistencial del Servicio de Salud Chilo\u00e9, desempe\u00f1\u00e1ndose como Traumat\u00f3loga Adulto en el Hospital de Castro por 4 a\u00f1os, aportando con sus conocimientos y compromiso a las atenciones especializadas en la provincia.<\/p>\n\n\n\n<figure class=\"wp-block-audio\"><audio controls src=\"https:\/\/elconquistadorredloslagos.cl\/test\/wp-content\/uploads\/2025\/09\/CUNA-DOCTORA.mp3\"><\/audio><\/figure>\n\n\n\n<p>Al respecto, el doctor Marcelo Cristi, subdirector de Gesti\u00f3n Asistencial del Servicio de Salud Chilo\u00e9, junto con darle la m\u00e1s cordial bienvenida, se refiri\u00f3 a la incorporaci\u00f3n de la especialista y afirm\u00f3 que la doctora viene a formar parte del equipo de Trauma Adulto del Hospital Base de la provincia y a reforzar los equipos existentes, que es, sin duda, un avance para satisfacer las necesidades de los usuarios de la provincia de Chilo\u00e9.<\/p>\n\n\n\n<figure class=\"wp-block-audio\"><audio controls src=\"https:\/\/elconquistadorredloslagos.cl\/test\/wp-content\/uploads\/2025\/09\/CUNA-DOCTOR-CRISTI.mp3\"><\/audio><\/figure>\n\n\n\n<p>Con la llegada de esta nueva profesional, el Servicio de Salud Chilo\u00e9 reafirma su compromiso con el fortalecimiento de la atenci\u00f3n especializada en el Archipi\u00e9lago, avanzando en el acceso oportuno y de calidad para la comunidad. Su entusiasmo y vocaci\u00f3n de servicio contribuir\u00e1 a seguir mejorando la salud p\u00fablica de Chilo\u00e9.<\/p>\n","protected":false},"excerpt":{"rendered":"<p>Para garantizar la oportunidad de acceso, reforzar y fortalecer la atenci\u00f3n m\u00e9dica a los usuarios y usuarias de la salud p\u00fablica del archipi\u00e9lago de Chilo\u00e9, una nueva especialista en Traumatolog\u00eda..<\/p>\n","protected":false},"author":2,"featured_media":13884,"comment_status":"closed","ping_status":"open","sticky":false,"template":"","format":"standard","meta":{"footnotes":""},"categories":[1,28,51],"tags":[],"class_list":["post-13881","post","type-post","status-publish","format-standard","has-post-thumbnail","hentry","category-acontecer","category-actual","category-chiloe"],"rttpg_featured_image_url":{"full":["https:\/\/elconquistadorredloslagos.cl\/test\/wp-content\/uploads\/2025\/09\/img-16.jpg",1920,1080,false],"landscape":["https:\/\/elconquistadorredloslagos.cl\/test\/wp-content\/uploads\/2025\/09\/img-16.jpg",1920,1080,false],"portraits":["https:\/\/elconquistadorredloslagos.cl\/test\/wp-content\/uploads\/2025\/09\/img-16.jpg",1920,1080,false],"thumbnail":["https:\/\/elconquistadorredloslagos.cl\/test\/wp-content\/uploads\/2025\/09\/img-16-150x150.jpg",150,150,true],"medium":["https:\/\/elconquistadorredloslagos.cl\/test\/wp-content\/uploads\/2025\/09\/img-16-300x169.jpg",300,169,true],"large":["https:\/\/elconquistadorredloslagos.cl\/test\/wp-content\/uploads\/2025\/09\/img-16-1024x576.jpg",1024,576,true],"1536x1536":["https:\/\/elconquistadorredloslagos.cl\/test\/wp-content\/uploads\/2025\/09\/img-16-1536x864.jpg",1536,864,true],"2048x2048":["https:\/\/elconquistadorredloslagos.cl\/test\/wp-content\/uploads\/2025\/09\/img-16.jpg",1920,1080,false]},"rttpg_author":{"display_name":"ccardenas","author_link":"https:\/\/elconquistadorredloslagos.cl\/test\/blog\/author\/ccardenas\/"},"rttpg_comment":0,"rttpg_category":"<a href=\"https:\/\/elconquistadorredloslagos.cl\/test\/blog\/category\/actual\/acontecer\/\" rel=\"category tag\">Acontecer<\/a> <a href=\"https:\/\/elconquistadorredloslagos.cl\/test\/blog\/category\/actual\/\" rel=\"category tag\">Actualidad<\/a> <a href=\"https:\/\/elconquistadorredloslagos.cl\/test\/blog\/category\/chile\/chiloe\/\" rel=\"category tag\">Chilo\u00e9<\/a>","rttpg_excerpt":"Para garantizar la oportunidad de acceso, reforzar y fortalecer la atenci\u00f3n m\u00e9dica a los usuarios y usuarias de la salud p\u00fablica del archipi\u00e9lago de Chilo\u00e9, una nueva especialista en Traumatolog\u00eda..","_links":{"self":[{"href":"https:\/\/elconquistadorredloslagos.cl\/test\/wp-json\/wp\/v2\/posts\/13881","targetHints":{"allow":["GET"]}}],"collection":[{"href":"https:\/\/elconquistadorredloslagos.cl\/test\/wp-json\/wp\/v2\/posts"}],"about":[{"href":"https:\/\/elconquistadorredloslagos.cl\/test\/wp-json\/wp\/v2\/types\/post"}],"author":[{"embeddable":true,"href":"https:\/\/elconquistadorredloslagos.cl\/test\/wp-json\/wp\/v2\/users\/2"}],"replies":[{"embeddable":true,"href":"https:\/\/elconquistadorredloslagos.cl\/test\/wp-json\/wp\/v2\/comments?post=13881"}],"version-history":[{"count":1,"href":"https:\/\/elconquistadorredloslagos.cl\/test\/wp-json\/wp\/v2\/posts\/13881\/revisions"}],"predecessor-version":[{"id":13885,"href":"https:\/\/elconquistadorredloslagos.cl\/test\/wp-json\/wp\/v2\/posts\/13881\/revisions\/13885"}],"wp:featuredmedia":[{"embeddable":true,"href":"https:\/\/elconquistadorredloslagos.cl\/test\/wp-json\/wp\/v2\/media\/13884"}],"wp:attachment":[{"href":"https:\/\/elconquistadorredloslagos.cl\/test\/wp-json\/wp\/v2\/media?parent=13881"}],"wp:term":[{"taxonomy":"category","embeddable":true,"href":"https:\/\/elconquistadorredloslagos.cl\/test\/wp-json\/wp\/v2\/categories?post=13881"},{"taxonomy":"post_tag","embeddable":true,"href":"https:\/\/elconquistadorredloslagos.cl\/test\/wp-json\/wp\/v2\/tags?post=13881"}],"curies":[{"name":"wp","href":"https:\/\/api.w.org\/{rel}","templated":true}]}}