{"id":13877,"date":"2025-09-05T15:13:35","date_gmt":"2025-09-05T19:13:35","guid":{"rendered":"https:\/\/elconquistadorredloslagos.cl\/test\/?p=13877"},"modified":"2025-09-05T15:13:35","modified_gmt":"2025-09-05T19:13:35","slug":"tres-detenidos-por-agresiones-a-exfuncionario-de-hospital-de-osorno-mientras-pdi-busca-a-un-cuarto-implicado","status":"publish","type":"post","link":"https:\/\/elconquistadorredloslagos.cl\/test\/blog\/2025\/09\/05\/tres-detenidos-por-agresiones-a-exfuncionario-de-hospital-de-osorno-mientras-pdi-busca-a-un-cuarto-implicado\/","title":{"rendered":"Tres detenidos por agresiones a exfuncionario de Hospital de Osorno mientras PDI busca a un cuarto implicado"},"content":{"rendered":"\n<p>La Polic\u00eda de Investigaciones detuvo a tres personas vinculadas a las brutales agresiones sufridas por un exfuncionario del Hospital Base San Jos\u00e9 de Osorno. Los hechos, ocurridos entre 2018 y 2020, fueron revelados esta semana a trav\u00e9s de registros de video donde se observa c\u00f3mo compa\u00f1eros de trabajo lo amarraron, raparon y quemaron.<\/p>\n\n\n\n<p>La fiscal jefa de Osorno, Mar\u00eda Ang\u00e9lica de Miguel, inform\u00f3 que se emitieron cuatro \u00f3rdenes de detenci\u00f3n, de las cuales tres ya se concretaron con apoyo de la Brigada Investigadora de Delitos Sexuales (BRISEX) de la PDI, que a\u00fan busca a un cuarto involucrado. Los imputados ser\u00e1n formalizados este viernes en el Juzgado de Garant\u00eda de la ciudad.<\/p>\n\n\n\n<figure class=\"wp-block-audio\"><audio controls src=\"https:\/\/elconquistadorredloslagos.cl\/test\/wp-content\/uploads\/2025\/09\/CUNA-FISCAL-OSORNO.mp3\"><\/audio><\/figure>\n\n\n\n<p>En paralelo, el Ministerio de Salud nombr\u00f3 a un delegado especial en el recinto y entreg\u00f3 todos los antecedentes al Instituto Nacional de Derechos Humanos. Tambi\u00e9n orden\u00f3 al Servicio de Salud de Osorno aplicar las destituciones correspondientes a los funcionarios identificados en los sumarios internos.<\/p>\n\n\n\n<p>Adem\u00e1s, la Subsecretar\u00eda de Redes Asistenciales abri\u00f3 una nueva investigaci\u00f3n administrativa por la omisi\u00f3n de denuncias a Fiscal\u00eda por parte de los directivos de la \u00e9poca y por la revisi\u00f3n de procedimientos que hab\u00edan permitido el sobreseimiento inicial de los agresores.<\/p>\n\n\n\n<p>\ud83d\udcf7 (Captura de video) &#8211; Redes sociales<\/p>\n","protected":false},"excerpt":{"rendered":"<p>La Polic\u00eda de Investigaciones detuvo a tres personas vinculadas a las brutales agresiones sufridas por un exfuncionario del Hospital Base San Jos\u00e9 de Osorno. Los hechos, ocurridos entre 2018 y..<\/p>\n","protected":false},"author":2,"featured_media":13879,"comment_status":"closed","ping_status":"open","sticky":false,"template":"","format":"standard","meta":{"footnotes":""},"categories":[1,28,52,55],"tags":[],"class_list":["post-13877","post","type-post","status-publish","format-standard","has-post-thumbnail","hentry","category-acontecer","category-actual","category-chile","category-osorno"],"rttpg_featured_image_url":{"full":["https:\/\/elconquistadorredloslagos.cl\/test\/wp-content\/uploads\/2025\/09\/img-15.jpg",1920,1080,false],"landscape":["https:\/\/elconquistadorredloslagos.cl\/test\/wp-content\/uploads\/2025\/09\/img-15.jpg",1920,1080,false],"portraits":["https:\/\/elconquistadorredloslagos.cl\/test\/wp-content\/uploads\/2025\/09\/img-15.jpg",1920,1080,false],"thumbnail":["https:\/\/elconquistadorredloslagos.cl\/test\/wp-content\/uploads\/2025\/09\/img-15-150x150.jpg",150,150,true],"medium":["https:\/\/elconquistadorredloslagos.cl\/test\/wp-content\/uploads\/2025\/09\/img-15-300x169.jpg",300,169,true],"large":["https:\/\/elconquistadorredloslagos.cl\/test\/wp-content\/uploads\/2025\/09\/img-15-1024x576.jpg",1024,576,true],"1536x1536":["https:\/\/elconquistadorredloslagos.cl\/test\/wp-content\/uploads\/2025\/09\/img-15-1536x864.jpg",1536,864,true],"2048x2048":["https:\/\/elconquistadorredloslagos.cl\/test\/wp-content\/uploads\/2025\/09\/img-15.jpg",1920,1080,false]},"rttpg_author":{"display_name":"ccardenas","author_link":"https:\/\/elconquistadorredloslagos.cl\/test\/blog\/author\/ccardenas\/"},"rttpg_comment":0,"rttpg_category":"<a href=\"https:\/\/elconquistadorredloslagos.cl\/test\/blog\/category\/actual\/acontecer\/\" rel=\"category tag\">Acontecer<\/a> <a href=\"https:\/\/elconquistadorredloslagos.cl\/test\/blog\/category\/actual\/\" rel=\"category tag\">Actualidad<\/a> <a href=\"https:\/\/elconquistadorredloslagos.cl\/test\/blog\/category\/chile\/\" rel=\"category tag\">Nacional<\/a> <a href=\"https:\/\/elconquistadorredloslagos.cl\/test\/blog\/category\/chile\/osorno\/\" rel=\"category tag\">Osorno<\/a>","rttpg_excerpt":"La Polic\u00eda de Investigaciones detuvo a tres personas vinculadas a las brutales agresiones sufridas por un exfuncionario del Hospital Base San Jos\u00e9 de Osorno. Los hechos, ocurridos entre 2018 y..","_links":{"self":[{"href":"https:\/\/elconquistadorredloslagos.cl\/test\/wp-json\/wp\/v2\/posts\/13877","targetHints":{"allow":["GET"]}}],"collection":[{"href":"https:\/\/elconquistadorredloslagos.cl\/test\/wp-json\/wp\/v2\/posts"}],"about":[{"href":"https:\/\/elconquistadorredloslagos.cl\/test\/wp-json\/wp\/v2\/types\/post"}],"author":[{"embeddable":true,"href":"https:\/\/elconquistadorredloslagos.cl\/test\/wp-json\/wp\/v2\/users\/2"}],"replies":[{"embeddable":true,"href":"https:\/\/elconquistadorredloslagos.cl\/test\/wp-json\/wp\/v2\/comments?post=13877"}],"version-history":[{"count":1,"href":"https:\/\/elconquistadorredloslagos.cl\/test\/wp-json\/wp\/v2\/posts\/13877\/revisions"}],"predecessor-version":[{"id":13880,"href":"https:\/\/elconquistadorredloslagos.cl\/test\/wp-json\/wp\/v2\/posts\/13877\/revisions\/13880"}],"wp:featuredmedia":[{"embeddable":true,"href":"https:\/\/elconquistadorredloslagos.cl\/test\/wp-json\/wp\/v2\/media\/13879"}],"wp:attachment":[{"href":"https:\/\/elconquistadorredloslagos.cl\/test\/wp-json\/wp\/v2\/media?parent=13877"}],"wp:term":[{"taxonomy":"category","embeddable":true,"href":"https:\/\/elconquistadorredloslagos.cl\/test\/wp-json\/wp\/v2\/categories?post=13877"},{"taxonomy":"post_tag","embeddable":true,"href":"https:\/\/elconquistadorredloslagos.cl\/test\/wp-json\/wp\/v2\/tags?post=13877"}],"curies":[{"name":"wp","href":"https:\/\/api.w.org\/{rel}","templated":true}]}}