{"id":13866,"date":"2025-09-04T17:28:57","date_gmt":"2025-09-04T21:28:57","guid":{"rendered":"https:\/\/elconquistadorredloslagos.cl\/test\/?p=13866"},"modified":"2025-09-04T17:28:57","modified_gmt":"2025-09-04T21:28:57","slug":"incendios-en-laderas-de-puerto-montt-dejan-una-vivienda-destruida-y-otra-con-serios-danos","status":"publish","type":"post","link":"https:\/\/elconquistadorredloslagos.cl\/test\/blog\/2025\/09\/04\/incendios-en-laderas-de-puerto-montt-dejan-una-vivienda-destruida-y-otra-con-serios-danos\/","title":{"rendered":"Incendios en laderas de Puerto Montt dejan una vivienda destruida y otra con serios da\u00f1os"},"content":{"rendered":"\n<p>Puerto Montt vivi\u00f3 una compleja jornada marcada por dos incendios registrados en distintas laderas de la ciudad este jueves. Durante la ma\u00f1ana, un siniestro afect\u00f3 a la poblaci\u00f3n Antonio Varas Norte, mientras que horas m\u00e1s tarde otro fuego se desat\u00f3 en el cerro de la poblaci\u00f3n Modelo.<\/p>\n\n\n\n<p>Hasta este \u00faltimo lugar llegaron cuatro compa\u00f1\u00edas del Cuerpo de Bomberos (Primera, Segunda, Cuarta y Sexta) para controlar la emergencia. Seg\u00fan detall\u00f3 el capit\u00e1n de la Segunda Compa\u00f1\u00eda, Sebasti\u00e1n Turconi, las llamas comprometieron dos viviendas, una de las cuales result\u00f3 completamente destruida. La segunda, en tanto, present\u00f3 da\u00f1os en el piso superior tras la r\u00e1pida propagaci\u00f3n del fuego.<\/p>\n\n\n\n<p>El oficial destac\u00f3 la labor de Carabineros, quienes facilitaron el ingreso de voluntarios al sector, y se\u00f1al\u00f3 que ser\u00e1 el Departamento T\u00e9cnico de Bomberos el encargado de indagar las causas del siniestro.<\/p>\n\n\n\n<p>La seguidilla de incendios en menos de 12 horas mantiene en alerta a los equipos de emergencia de la capital regional.<\/p>\n\n\n\n<p>\ud83d\udcf7 <a href=\"https:\/\/www.facebook.com\/emergenciaspuertomonttcl?__cft__[0]=AZWAvSO2ed0BxdBd7hFnZhIFRCYV8AxVxQK5dwL71hFbZC00DkP6QgBQkjHr5tstabTA6n1asLK3iU-YrPet6aJEcOp9NKfXzG81mPuBaAspGHeKZBSSeKJiYgeOlmjrqsQqrD0ZrcnVwHnFP68-vGR-XeelH_GjPIQsUExR4phVj2-Ml7iK_NI6Df7BQgaFIUA&amp;__tn__=-UC*F\">Emergencias PuertoMontt &#8211; E.P.M<\/a> &#8211; Facebook<\/p>\n","protected":false},"excerpt":{"rendered":"<p>Puerto Montt vivi\u00f3 una compleja jornada marcada por dos incendios registrados en distintas laderas de la ciudad este jueves. Durante la ma\u00f1ana, un siniestro afect\u00f3 a la poblaci\u00f3n Antonio Varas..<\/p>\n","protected":false},"author":2,"featured_media":13867,"comment_status":"closed","ping_status":"open","sticky":false,"template":"","format":"standard","meta":{"footnotes":""},"categories":[1,28,56],"tags":[],"class_list":["post-13866","post","type-post","status-publish","format-standard","has-post-thumbnail","hentry","category-acontecer","category-actual","category-puerto-montt"],"rttpg_featured_image_url":{"full":["https:\/\/elconquistadorredloslagos.cl\/test\/wp-content\/uploads\/2025\/09\/Sin-titulo-1-5.jpg",1920,1080,false],"landscape":["https:\/\/elconquistadorredloslagos.cl\/test\/wp-content\/uploads\/2025\/09\/Sin-titulo-1-5.jpg",1920,1080,false],"portraits":["https:\/\/elconquistadorredloslagos.cl\/test\/wp-content\/uploads\/2025\/09\/Sin-titulo-1-5.jpg",1920,1080,false],"thumbnail":["https:\/\/elconquistadorredloslagos.cl\/test\/wp-content\/uploads\/2025\/09\/Sin-titulo-1-5-150x150.jpg",150,150,true],"medium":["https:\/\/elconquistadorredloslagos.cl\/test\/wp-content\/uploads\/2025\/09\/Sin-titulo-1-5-300x169.jpg",300,169,true],"large":["https:\/\/elconquistadorredloslagos.cl\/test\/wp-content\/uploads\/2025\/09\/Sin-titulo-1-5-1024x576.jpg",1024,576,true],"1536x1536":["https:\/\/elconquistadorredloslagos.cl\/test\/wp-content\/uploads\/2025\/09\/Sin-titulo-1-5-1536x864.jpg",1536,864,true],"2048x2048":["https:\/\/elconquistadorredloslagos.cl\/test\/wp-content\/uploads\/2025\/09\/Sin-titulo-1-5.jpg",1920,1080,false]},"rttpg_author":{"display_name":"ccardenas","author_link":"https:\/\/elconquistadorredloslagos.cl\/test\/blog\/author\/ccardenas\/"},"rttpg_comment":0,"rttpg_category":"<a href=\"https:\/\/elconquistadorredloslagos.cl\/test\/blog\/category\/actual\/acontecer\/\" rel=\"category tag\">Acontecer<\/a> <a href=\"https:\/\/elconquistadorredloslagos.cl\/test\/blog\/category\/actual\/\" rel=\"category tag\">Actualidad<\/a> <a href=\"https:\/\/elconquistadorredloslagos.cl\/test\/blog\/category\/chile\/puerto-montt\/\" rel=\"category tag\">Puerto Montt<\/a>","rttpg_excerpt":"Puerto Montt vivi\u00f3 una compleja jornada marcada por dos incendios registrados en distintas laderas de la ciudad este jueves. Durante la ma\u00f1ana, un siniestro afect\u00f3 a la poblaci\u00f3n Antonio Varas..","_links":{"self":[{"href":"https:\/\/elconquistadorredloslagos.cl\/test\/wp-json\/wp\/v2\/posts\/13866","targetHints":{"allow":["GET"]}}],"collection":[{"href":"https:\/\/elconquistadorredloslagos.cl\/test\/wp-json\/wp\/v2\/posts"}],"about":[{"href":"https:\/\/elconquistadorredloslagos.cl\/test\/wp-json\/wp\/v2\/types\/post"}],"author":[{"embeddable":true,"href":"https:\/\/elconquistadorredloslagos.cl\/test\/wp-json\/wp\/v2\/users\/2"}],"replies":[{"embeddable":true,"href":"https:\/\/elconquistadorredloslagos.cl\/test\/wp-json\/wp\/v2\/comments?post=13866"}],"version-history":[{"count":1,"href":"https:\/\/elconquistadorredloslagos.cl\/test\/wp-json\/wp\/v2\/posts\/13866\/revisions"}],"predecessor-version":[{"id":13868,"href":"https:\/\/elconquistadorredloslagos.cl\/test\/wp-json\/wp\/v2\/posts\/13866\/revisions\/13868"}],"wp:featuredmedia":[{"embeddable":true,"href":"https:\/\/elconquistadorredloslagos.cl\/test\/wp-json\/wp\/v2\/media\/13867"}],"wp:attachment":[{"href":"https:\/\/elconquistadorredloslagos.cl\/test\/wp-json\/wp\/v2\/media?parent=13866"}],"wp:term":[{"taxonomy":"category","embeddable":true,"href":"https:\/\/elconquistadorredloslagos.cl\/test\/wp-json\/wp\/v2\/categories?post=13866"},{"taxonomy":"post_tag","embeddable":true,"href":"https:\/\/elconquistadorredloslagos.cl\/test\/wp-json\/wp\/v2\/tags?post=13866"}],"curies":[{"name":"wp","href":"https:\/\/api.w.org\/{rel}","templated":true}]}}