{"id":13863,"date":"2025-09-04T16:41:03","date_gmt":"2025-09-04T20:41:03","guid":{"rendered":"https:\/\/elconquistadorredloslagos.cl\/test\/?p=13863"},"modified":"2025-09-04T16:41:04","modified_gmt":"2025-09-04T20:41:04","slug":"puerto-montt-reduce-su-planta-municipal-y-despide-a-300-funcionarios","status":"publish","type":"post","link":"https:\/\/elconquistadorredloslagos.cl\/test\/blog\/2025\/09\/04\/puerto-montt-reduce-su-planta-municipal-y-despide-a-300-funcionarios\/","title":{"rendered":"Puerto Montt reduce su planta municipal y despide a 300 funcionarios"},"content":{"rendered":"\n<p>La Municipalidad de Puerto Montt ha desvinculado a 300 trabajadores desde que asumi\u00f3 el alcalde Rodrigo Wainraihgt, en medio de un ajuste que busca equilibrar las finanzas locales. La medida responde a la necesidad de reorganizar una plantilla que lleg\u00f3 a 9.400 funcionarios distribuidos en distintas reparticiones municipales.<\/p>\n\n\n\n<p>Wainraihgt se\u00f1al\u00f3 que el 52% del presupuesto de la municipalidad se destinaba a gastos de personal, lo que motiv\u00f3 las desvinculaciones. Actualmente, la comuna mantiene 9.100 empleados y el proceso continuar\u00e1, afirm\u00f3 el jefe comunal. \u201cNo es un capricho ni una decisi\u00f3n arbitraria, buscamos lo mejor para Puerto Montt\u201d, sostuvo, apelando a la comprensi\u00f3n de las asociaciones de trabajadores.<\/p>\n\n\n\n<p>La ciudad presenta 33 funcionarios por cada mil habitantes, cifra muy superior al promedio nacional, estimado entre 5 y 7. Con esta plantilla, Puerto Montt iguala el n\u00famero de trabajadores de 11 comunas de la regi\u00f3n y casi duplica a Temuco, otra capital regional con menor poblaci\u00f3n.<\/p>\n\n\n\n<p>\ud83d\udcf7 Redes sociales<\/p>\n","protected":false},"excerpt":{"rendered":"<p>La Municipalidad de Puerto Montt ha desvinculado a 300 trabajadores desde que asumi\u00f3 el alcalde Rodrigo Wainraihgt, en medio de un ajuste que busca equilibrar las finanzas locales. La medida..<\/p>\n","protected":false},"author":2,"featured_media":13864,"comment_status":"closed","ping_status":"open","sticky":false,"template":"","format":"standard","meta":{"footnotes":""},"categories":[28],"tags":[],"class_list":["post-13863","post","type-post","status-publish","format-standard","has-post-thumbnail","hentry","category-actual"],"rttpg_featured_image_url":{"full":["https:\/\/elconquistadorredloslagos.cl\/test\/wp-content\/uploads\/2025\/09\/Sin-titulo-1-4.jpg",1920,1080,false],"landscape":["https:\/\/elconquistadorredloslagos.cl\/test\/wp-content\/uploads\/2025\/09\/Sin-titulo-1-4.jpg",1920,1080,false],"portraits":["https:\/\/elconquistadorredloslagos.cl\/test\/wp-content\/uploads\/2025\/09\/Sin-titulo-1-4.jpg",1920,1080,false],"thumbnail":["https:\/\/elconquistadorredloslagos.cl\/test\/wp-content\/uploads\/2025\/09\/Sin-titulo-1-4-150x150.jpg",150,150,true],"medium":["https:\/\/elconquistadorredloslagos.cl\/test\/wp-content\/uploads\/2025\/09\/Sin-titulo-1-4-300x169.jpg",300,169,true],"large":["https:\/\/elconquistadorredloslagos.cl\/test\/wp-content\/uploads\/2025\/09\/Sin-titulo-1-4-1024x576.jpg",1024,576,true],"1536x1536":["https:\/\/elconquistadorredloslagos.cl\/test\/wp-content\/uploads\/2025\/09\/Sin-titulo-1-4-1536x864.jpg",1536,864,true],"2048x2048":["https:\/\/elconquistadorredloslagos.cl\/test\/wp-content\/uploads\/2025\/09\/Sin-titulo-1-4.jpg",1920,1080,false]},"rttpg_author":{"display_name":"ccardenas","author_link":"https:\/\/elconquistadorredloslagos.cl\/test\/blog\/author\/ccardenas\/"},"rttpg_comment":0,"rttpg_category":"<a href=\"https:\/\/elconquistadorredloslagos.cl\/test\/blog\/category\/actual\/\" rel=\"category tag\">Actualidad<\/a>","rttpg_excerpt":"La Municipalidad de Puerto Montt ha desvinculado a 300 trabajadores desde que asumi\u00f3 el alcalde Rodrigo Wainraihgt, en medio de un ajuste que busca equilibrar las finanzas locales. La medida..","_links":{"self":[{"href":"https:\/\/elconquistadorredloslagos.cl\/test\/wp-json\/wp\/v2\/posts\/13863","targetHints":{"allow":["GET"]}}],"collection":[{"href":"https:\/\/elconquistadorredloslagos.cl\/test\/wp-json\/wp\/v2\/posts"}],"about":[{"href":"https:\/\/elconquistadorredloslagos.cl\/test\/wp-json\/wp\/v2\/types\/post"}],"author":[{"embeddable":true,"href":"https:\/\/elconquistadorredloslagos.cl\/test\/wp-json\/wp\/v2\/users\/2"}],"replies":[{"embeddable":true,"href":"https:\/\/elconquistadorredloslagos.cl\/test\/wp-json\/wp\/v2\/comments?post=13863"}],"version-history":[{"count":1,"href":"https:\/\/elconquistadorredloslagos.cl\/test\/wp-json\/wp\/v2\/posts\/13863\/revisions"}],"predecessor-version":[{"id":13865,"href":"https:\/\/elconquistadorredloslagos.cl\/test\/wp-json\/wp\/v2\/posts\/13863\/revisions\/13865"}],"wp:featuredmedia":[{"embeddable":true,"href":"https:\/\/elconquistadorredloslagos.cl\/test\/wp-json\/wp\/v2\/media\/13864"}],"wp:attachment":[{"href":"https:\/\/elconquistadorredloslagos.cl\/test\/wp-json\/wp\/v2\/media?parent=13863"}],"wp:term":[{"taxonomy":"category","embeddable":true,"href":"https:\/\/elconquistadorredloslagos.cl\/test\/wp-json\/wp\/v2\/categories?post=13863"},{"taxonomy":"post_tag","embeddable":true,"href":"https:\/\/elconquistadorredloslagos.cl\/test\/wp-json\/wp\/v2\/tags?post=13863"}],"curies":[{"name":"wp","href":"https:\/\/api.w.org\/{rel}","templated":true}]}}