{"id":13673,"date":"2025-08-29T17:35:53","date_gmt":"2025-08-29T21:35:53","guid":{"rendered":"https:\/\/elconquistadorredloslagos.cl\/test\/?p=13673"},"modified":"2025-08-29T17:35:55","modified_gmt":"2025-08-29T21:35:55","slug":"carabineros-detuvo-a-joven-tras-destruir-el-monumento-de-los-musicos-campesinos-en-dalcahue","status":"publish","type":"post","link":"https:\/\/elconquistadorredloslagos.cl\/test\/blog\/2025\/08\/29\/carabineros-detuvo-a-joven-tras-destruir-el-monumento-de-los-musicos-campesinos-en-dalcahue\/","title":{"rendered":"Carabineros detuvo a joven tras destruir el \u201cMonumento de Los M\u00fasicos Campesinos\u201d en Dalcahue"},"content":{"rendered":"\n<p>Un grave acto de vandalismo afect\u00f3 al patrimonio cultural de Dalcahue luego que un hombre da\u00f1ara parte del Monumento de los M\u00fasicos Campesinos, ubicado en la costanera de la localidad. El hecho provoc\u00f3 serios perjuicios a esta obra que forma parte de la identidad comunal.<\/p>\n\n\n\n<p>La denuncia moviliz\u00f3 a personal de la Tenencia de Carabineros de Dalcahue, unidad dependiente de la Segunda Comisar\u00eda de Castro. Durante las diligencias, los funcionarios lograron ubicar al sospechoso y al momento de realizar el control se encontraron bajo su vestimenta restos de la escultura destruida.<\/p>\n\n\n\n<p>El jefe de la Tenencia, suboficial mayor Luis Marcelo Calder\u00f3n, confirm\u00f3 que el individuo fue detenido en flagrancia y destac\u00f3 la r\u00e1pida respuesta del personal policial que permiti\u00f3 recuperar parte del material sustra\u00eddo.<\/p>\n\n\n\n<figure class=\"wp-block-audio\"><audio controls src=\"https:\/\/elconquistadorredloslagos.cl\/test\/wp-content\/uploads\/2025\/08\/CUNA-CARABINEROS-DALCAHUE-1.mp3\"><\/audio><\/figure>\n\n\n\n<p>Por instrucci\u00f3n de la Fiscal\u00eda, el hombre de 25 a\u00f1os, quien mantiene antecedentes previos, fue trasladado hasta el Tribunal de Garant\u00eda de Castro para enfrentar el proceso judicial correspondiente.<\/p>\n\n\n\n<p>\ud83d\udcf7 Redes sociales<\/p>\n","protected":false},"excerpt":{"rendered":"<p>Un grave acto de vandalismo afect\u00f3 al patrimonio cultural de Dalcahue luego que un hombre da\u00f1ara parte del Monumento de los M\u00fasicos Campesinos, ubicado en la costanera de la localidad&#8230;<\/p>\n","protected":false},"author":2,"featured_media":13676,"comment_status":"closed","ping_status":"open","sticky":false,"template":"","format":"standard","meta":{"footnotes":""},"categories":[1,28,51],"tags":[],"class_list":["post-13673","post","type-post","status-publish","format-standard","has-post-thumbnail","hentry","category-acontecer","category-actual","category-chiloe"],"rttpg_featured_image_url":{"full":["https:\/\/elconquistadorredloslagos.cl\/test\/wp-content\/uploads\/2025\/08\/img-82.jpg",1920,1080,false],"landscape":["https:\/\/elconquistadorredloslagos.cl\/test\/wp-content\/uploads\/2025\/08\/img-82.jpg",1920,1080,false],"portraits":["https:\/\/elconquistadorredloslagos.cl\/test\/wp-content\/uploads\/2025\/08\/img-82.jpg",1920,1080,false],"thumbnail":["https:\/\/elconquistadorredloslagos.cl\/test\/wp-content\/uploads\/2025\/08\/img-82-150x150.jpg",150,150,true],"medium":["https:\/\/elconquistadorredloslagos.cl\/test\/wp-content\/uploads\/2025\/08\/img-82-300x169.jpg",300,169,true],"large":["https:\/\/elconquistadorredloslagos.cl\/test\/wp-content\/uploads\/2025\/08\/img-82-1024x576.jpg",1024,576,true],"1536x1536":["https:\/\/elconquistadorredloslagos.cl\/test\/wp-content\/uploads\/2025\/08\/img-82-1536x864.jpg",1536,864,true],"2048x2048":["https:\/\/elconquistadorredloslagos.cl\/test\/wp-content\/uploads\/2025\/08\/img-82.jpg",1920,1080,false]},"rttpg_author":{"display_name":"ccardenas","author_link":"https:\/\/elconquistadorredloslagos.cl\/test\/blog\/author\/ccardenas\/"},"rttpg_comment":0,"rttpg_category":"<a href=\"https:\/\/elconquistadorredloslagos.cl\/test\/blog\/category\/actual\/acontecer\/\" rel=\"category tag\">Acontecer<\/a> <a href=\"https:\/\/elconquistadorredloslagos.cl\/test\/blog\/category\/actual\/\" rel=\"category tag\">Actualidad<\/a> <a href=\"https:\/\/elconquistadorredloslagos.cl\/test\/blog\/category\/chile\/chiloe\/\" rel=\"category tag\">Chilo\u00e9<\/a>","rttpg_excerpt":"Un grave acto de vandalismo afect\u00f3 al patrimonio cultural de Dalcahue luego que un hombre da\u00f1ara parte del Monumento de los M\u00fasicos Campesinos, ubicado en la costanera de la localidad...","_links":{"self":[{"href":"https:\/\/elconquistadorredloslagos.cl\/test\/wp-json\/wp\/v2\/posts\/13673","targetHints":{"allow":["GET"]}}],"collection":[{"href":"https:\/\/elconquistadorredloslagos.cl\/test\/wp-json\/wp\/v2\/posts"}],"about":[{"href":"https:\/\/elconquistadorredloslagos.cl\/test\/wp-json\/wp\/v2\/types\/post"}],"author":[{"embeddable":true,"href":"https:\/\/elconquistadorredloslagos.cl\/test\/wp-json\/wp\/v2\/users\/2"}],"replies":[{"embeddable":true,"href":"https:\/\/elconquistadorredloslagos.cl\/test\/wp-json\/wp\/v2\/comments?post=13673"}],"version-history":[{"count":1,"href":"https:\/\/elconquistadorredloslagos.cl\/test\/wp-json\/wp\/v2\/posts\/13673\/revisions"}],"predecessor-version":[{"id":13677,"href":"https:\/\/elconquistadorredloslagos.cl\/test\/wp-json\/wp\/v2\/posts\/13673\/revisions\/13677"}],"wp:featuredmedia":[{"embeddable":true,"href":"https:\/\/elconquistadorredloslagos.cl\/test\/wp-json\/wp\/v2\/media\/13676"}],"wp:attachment":[{"href":"https:\/\/elconquistadorredloslagos.cl\/test\/wp-json\/wp\/v2\/media?parent=13673"}],"wp:term":[{"taxonomy":"category","embeddable":true,"href":"https:\/\/elconquistadorredloslagos.cl\/test\/wp-json\/wp\/v2\/categories?post=13673"},{"taxonomy":"post_tag","embeddable":true,"href":"https:\/\/elconquistadorredloslagos.cl\/test\/wp-json\/wp\/v2\/tags?post=13673"}],"curies":[{"name":"wp","href":"https:\/\/api.w.org\/{rel}","templated":true}]}}