{"id":13217,"date":"2025-08-18T13:25:53","date_gmt":"2025-08-18T17:25:53","guid":{"rendered":"https:\/\/elconquistadorredloslagos.cl\/test\/?p=13217"},"modified":"2025-08-18T13:25:54","modified_gmt":"2025-08-18T17:25:54","slug":"ancud-otra-vez-sera-el-epicentro-del-basquetbol-nacional","status":"publish","type":"post","link":"https:\/\/elconquistadorredloslagos.cl\/test\/blog\/2025\/08\/18\/ancud-otra-vez-sera-el-epicentro-del-basquetbol-nacional\/","title":{"rendered":"Ancud otra vez ser\u00e1 el epicentro del b\u00e1squetbol nacional"},"content":{"rendered":"\n<p>El Directorio de la m\u00e1xima competici\u00f3n de los cestos nacionales confirm\u00f3 que la ciudad de la Isla Grande de Chilo\u00e9 ser\u00e1 la sede de la Supercopa CHERY by Cecinas Llanquihue, que se disputar\u00e1 el 13 y 14 de septiembre.<\/p>\n\n\n\n<p>\u201cEstamos felices de confirmar a Ancud como sede de este minitorneo que ser\u00e1 la antesala al inicio de nuestra Liga de Transici\u00f3n. Agradecemos al Club Deportivo ABA Ancud, \u00fanico club que postul\u00f3 a la organizaci\u00f3n de este torneo que tendr\u00e1 a los mejores equipos de nuestra Liga UNO en la cancha del Gimnasio Lu\u00eds \u201cCaco\u201d Su\u00e1rez, disputando el trofeo de la Supercopa CHERY by Cecinas Llanquihue\u201d indic\u00f3 el presidente del Directorio, Marcos Galindo.<\/p>\n\n\n\n<p>El Gimnasio Fiscal de la ciudad chilota es uno de los principales recintos que alberga los campeonatos de nuestra LNB Chile. Con capacidad para 2200 espectadores, cuenta con instalaciones c\u00f3modas para el trabajo de los clubes participantes, \u00e1rbitros, y medios de comunicaci\u00f3n.<\/p>\n\n\n\n<p>Desde diciembre de 2024, el recinto fue rebautizado con el nombre del fallecido basquetbolista ancuditano, campe\u00f3n de Dimayor con la camiseta de Deportes Ancud, e hist\u00f3rico exseleccionado nacional, Lu\u00eds \u201cCaco\u201d Su\u00e1rez.<\/p>\n\n\n\n<p>En la Supercopa CHERY by Cecinas Llanquihue, adem\u00e1s del equipo local de ABA Ancud, participar\u00e1n el \u00faltimo campe\u00f3n de esta competici\u00f3n, Espa\u00f1ol de Osorno; el campe\u00f3n de la \u00faltima edici\u00f3n de la Liga CHERY by Cecinas Llanquihue, B\u00e1squet UdeC; y el vicecampe\u00f3n de este campeonato, Colegio Los Leones de Quilpu\u00e9.<\/p>\n\n\n\n<p>Las entradas ser\u00e1n vendidas, como en todos los campeonatos de LNB Chile, a trav\u00e9s del sistema TicketPlus. Los partidos ser\u00e1n transmitidos por Canal CDO.<\/p>\n\n\n\n<p>\ud83d\udcf7 LNB Chile<\/p>\n","protected":false},"excerpt":{"rendered":"<p>El Directorio de la m\u00e1xima competici\u00f3n de los cestos nacionales confirm\u00f3 que la ciudad de la Isla Grande de Chilo\u00e9 ser\u00e1 la sede de la Supercopa CHERY by Cecinas Llanquihue,..<\/p>\n","protected":false},"author":2,"featured_media":13218,"comment_status":"closed","ping_status":"open","sticky":false,"template":"","format":"standard","meta":{"footnotes":""},"categories":[1,28,51,52],"tags":[],"class_list":["post-13217","post","type-post","status-publish","format-standard","has-post-thumbnail","hentry","category-acontecer","category-actual","category-chiloe","category-chile"],"rttpg_featured_image_url":{"full":["https:\/\/elconquistadorredloslagos.cl\/test\/wp-content\/uploads\/2025\/08\/img_10-8.jpg",1920,1080,false],"landscape":["https:\/\/elconquistadorredloslagos.cl\/test\/wp-content\/uploads\/2025\/08\/img_10-8.jpg",1920,1080,false],"portraits":["https:\/\/elconquistadorredloslagos.cl\/test\/wp-content\/uploads\/2025\/08\/img_10-8.jpg",1920,1080,false],"thumbnail":["https:\/\/elconquistadorredloslagos.cl\/test\/wp-content\/uploads\/2025\/08\/img_10-8-150x150.jpg",150,150,true],"medium":["https:\/\/elconquistadorredloslagos.cl\/test\/wp-content\/uploads\/2025\/08\/img_10-8-300x169.jpg",300,169,true],"large":["https:\/\/elconquistadorredloslagos.cl\/test\/wp-content\/uploads\/2025\/08\/img_10-8-1024x576.jpg",1024,576,true],"1536x1536":["https:\/\/elconquistadorredloslagos.cl\/test\/wp-content\/uploads\/2025\/08\/img_10-8-1536x864.jpg",1536,864,true],"2048x2048":["https:\/\/elconquistadorredloslagos.cl\/test\/wp-content\/uploads\/2025\/08\/img_10-8.jpg",1920,1080,false]},"rttpg_author":{"display_name":"ccardenas","author_link":"https:\/\/elconquistadorredloslagos.cl\/test\/blog\/author\/ccardenas\/"},"rttpg_comment":0,"rttpg_category":"<a href=\"https:\/\/elconquistadorredloslagos.cl\/test\/blog\/category\/actual\/acontecer\/\" rel=\"category tag\">Acontecer<\/a> <a href=\"https:\/\/elconquistadorredloslagos.cl\/test\/blog\/category\/actual\/\" rel=\"category tag\">Actualidad<\/a> <a href=\"https:\/\/elconquistadorredloslagos.cl\/test\/blog\/category\/chile\/chiloe\/\" rel=\"category tag\">Chilo\u00e9<\/a> <a href=\"https:\/\/elconquistadorredloslagos.cl\/test\/blog\/category\/chile\/\" rel=\"category tag\">Nacional<\/a>","rttpg_excerpt":"El Directorio de la m\u00e1xima competici\u00f3n de los cestos nacionales confirm\u00f3 que la ciudad de la Isla Grande de Chilo\u00e9 ser\u00e1 la sede de la Supercopa CHERY by Cecinas Llanquihue,..","_links":{"self":[{"href":"https:\/\/elconquistadorredloslagos.cl\/test\/wp-json\/wp\/v2\/posts\/13217","targetHints":{"allow":["GET"]}}],"collection":[{"href":"https:\/\/elconquistadorredloslagos.cl\/test\/wp-json\/wp\/v2\/posts"}],"about":[{"href":"https:\/\/elconquistadorredloslagos.cl\/test\/wp-json\/wp\/v2\/types\/post"}],"author":[{"embeddable":true,"href":"https:\/\/elconquistadorredloslagos.cl\/test\/wp-json\/wp\/v2\/users\/2"}],"replies":[{"embeddable":true,"href":"https:\/\/elconquistadorredloslagos.cl\/test\/wp-json\/wp\/v2\/comments?post=13217"}],"version-history":[{"count":1,"href":"https:\/\/elconquistadorredloslagos.cl\/test\/wp-json\/wp\/v2\/posts\/13217\/revisions"}],"predecessor-version":[{"id":13219,"href":"https:\/\/elconquistadorredloslagos.cl\/test\/wp-json\/wp\/v2\/posts\/13217\/revisions\/13219"}],"wp:featuredmedia":[{"embeddable":true,"href":"https:\/\/elconquistadorredloslagos.cl\/test\/wp-json\/wp\/v2\/media\/13218"}],"wp:attachment":[{"href":"https:\/\/elconquistadorredloslagos.cl\/test\/wp-json\/wp\/v2\/media?parent=13217"}],"wp:term":[{"taxonomy":"category","embeddable":true,"href":"https:\/\/elconquistadorredloslagos.cl\/test\/wp-json\/wp\/v2\/categories?post=13217"},{"taxonomy":"post_tag","embeddable":true,"href":"https:\/\/elconquistadorredloslagos.cl\/test\/wp-json\/wp\/v2\/tags?post=13217"}],"curies":[{"name":"wp","href":"https:\/\/api.w.org\/{rel}","templated":true}]}}