{"id":13208,"date":"2025-08-18T13:06:24","date_gmt":"2025-08-18T17:06:24","guid":{"rendered":"https:\/\/elconquistadorredloslagos.cl\/test\/?p=13208"},"modified":"2025-08-18T13:06:25","modified_gmt":"2025-08-18T17:06:25","slug":"osorno-refuerza-inversion-en-rutas-y-caminos-provinciales","status":"publish","type":"post","link":"https:\/\/elconquistadorredloslagos.cl\/test\/blog\/2025\/08\/18\/osorno-refuerza-inversion-en-rutas-y-caminos-provinciales\/","title":{"rendered":"Osorno refuerza inversi\u00f3n en rutas y caminos provinciales"},"content":{"rendered":"\n<p>La provincia de Osorno recibir\u00e1 m\u00e1s de 350 mil millones de pesos para proyectos de conservaci\u00f3n y mejoramiento de caminos durante los pr\u00f3ximos meses. La iniciativa contempla intervenciones clave en rutas como la U-55 y la 215, que son especialmente relevantes para la comunidad local.<\/p>\n\n\n\n<p>Juan Esteban Valenzuela, jefe provincial de Vialidad Osorno, destac\u00f3 que los trabajos incluyen mejoras en tramos y cruces estrat\u00e9gicos, especialmente en la v\u00eda que conecta Osorno con Puerto Octay. Por su parte, el consejero regional Francisco Reyes subray\u00f3 la importancia de estas obras para la seguridad y conectividad de los vecinos.<\/p>\n\n\n\n<p>Durante la reuni\u00f3n de autoridades tambi\u00e9n se revisaron los avances en las rutas U911 y U40. Tanto Valenzuela como Reyes valoraron la nueva maquinaria entregada a Vialidad, financiada con recursos del Gobierno Regional de Los Lagos, que ha fortalecido la capacidad operativa en toda la provincia y la regi\u00f3n.<\/p>\n\n\n\n<p>\ud83d\udcf7 Contexto<\/p>\n","protected":false},"excerpt":{"rendered":"<p>La provincia de Osorno recibir\u00e1 m\u00e1s de 350 mil millones de pesos para proyectos de conservaci\u00f3n y mejoramiento de caminos durante los pr\u00f3ximos meses. La iniciativa contempla intervenciones clave en..<\/p>\n","protected":false},"author":2,"featured_media":13209,"comment_status":"closed","ping_status":"open","sticky":false,"template":"","format":"standard","meta":{"footnotes":""},"categories":[1,28,55],"tags":[],"class_list":["post-13208","post","type-post","status-publish","format-standard","has-post-thumbnail","hentry","category-acontecer","category-actual","category-osorno"],"rttpg_featured_image_url":{"full":["https:\/\/elconquistadorredloslagos.cl\/test\/wp-content\/uploads\/2025\/08\/img_10-5.jpg",1920,1080,false],"landscape":["https:\/\/elconquistadorredloslagos.cl\/test\/wp-content\/uploads\/2025\/08\/img_10-5.jpg",1920,1080,false],"portraits":["https:\/\/elconquistadorredloslagos.cl\/test\/wp-content\/uploads\/2025\/08\/img_10-5.jpg",1920,1080,false],"thumbnail":["https:\/\/elconquistadorredloslagos.cl\/test\/wp-content\/uploads\/2025\/08\/img_10-5-150x150.jpg",150,150,true],"medium":["https:\/\/elconquistadorredloslagos.cl\/test\/wp-content\/uploads\/2025\/08\/img_10-5-300x169.jpg",300,169,true],"large":["https:\/\/elconquistadorredloslagos.cl\/test\/wp-content\/uploads\/2025\/08\/img_10-5-1024x576.jpg",1024,576,true],"1536x1536":["https:\/\/elconquistadorredloslagos.cl\/test\/wp-content\/uploads\/2025\/08\/img_10-5-1536x864.jpg",1536,864,true],"2048x2048":["https:\/\/elconquistadorredloslagos.cl\/test\/wp-content\/uploads\/2025\/08\/img_10-5.jpg",1920,1080,false]},"rttpg_author":{"display_name":"ccardenas","author_link":"https:\/\/elconquistadorredloslagos.cl\/test\/blog\/author\/ccardenas\/"},"rttpg_comment":0,"rttpg_category":"<a href=\"https:\/\/elconquistadorredloslagos.cl\/test\/blog\/category\/actual\/acontecer\/\" rel=\"category tag\">Acontecer<\/a> <a href=\"https:\/\/elconquistadorredloslagos.cl\/test\/blog\/category\/actual\/\" rel=\"category tag\">Actualidad<\/a> <a href=\"https:\/\/elconquistadorredloslagos.cl\/test\/blog\/category\/chile\/osorno\/\" rel=\"category tag\">Osorno<\/a>","rttpg_excerpt":"La provincia de Osorno recibir\u00e1 m\u00e1s de 350 mil millones de pesos para proyectos de conservaci\u00f3n y mejoramiento de caminos durante los pr\u00f3ximos meses. La iniciativa contempla intervenciones clave en..","_links":{"self":[{"href":"https:\/\/elconquistadorredloslagos.cl\/test\/wp-json\/wp\/v2\/posts\/13208","targetHints":{"allow":["GET"]}}],"collection":[{"href":"https:\/\/elconquistadorredloslagos.cl\/test\/wp-json\/wp\/v2\/posts"}],"about":[{"href":"https:\/\/elconquistadorredloslagos.cl\/test\/wp-json\/wp\/v2\/types\/post"}],"author":[{"embeddable":true,"href":"https:\/\/elconquistadorredloslagos.cl\/test\/wp-json\/wp\/v2\/users\/2"}],"replies":[{"embeddable":true,"href":"https:\/\/elconquistadorredloslagos.cl\/test\/wp-json\/wp\/v2\/comments?post=13208"}],"version-history":[{"count":1,"href":"https:\/\/elconquistadorredloslagos.cl\/test\/wp-json\/wp\/v2\/posts\/13208\/revisions"}],"predecessor-version":[{"id":13210,"href":"https:\/\/elconquistadorredloslagos.cl\/test\/wp-json\/wp\/v2\/posts\/13208\/revisions\/13210"}],"wp:featuredmedia":[{"embeddable":true,"href":"https:\/\/elconquistadorredloslagos.cl\/test\/wp-json\/wp\/v2\/media\/13209"}],"wp:attachment":[{"href":"https:\/\/elconquistadorredloslagos.cl\/test\/wp-json\/wp\/v2\/media?parent=13208"}],"wp:term":[{"taxonomy":"category","embeddable":true,"href":"https:\/\/elconquistadorredloslagos.cl\/test\/wp-json\/wp\/v2\/categories?post=13208"},{"taxonomy":"post_tag","embeddable":true,"href":"https:\/\/elconquistadorredloslagos.cl\/test\/wp-json\/wp\/v2\/tags?post=13208"}],"curies":[{"name":"wp","href":"https:\/\/api.w.org\/{rel}","templated":true}]}}