{"id":13205,"date":"2025-08-18T13:00:54","date_gmt":"2025-08-18T17:00:54","guid":{"rendered":"https:\/\/elconquistadorredloslagos.cl\/test\/?p=13205"},"modified":"2025-08-18T13:00:54","modified_gmt":"2025-08-18T17:00:54","slug":"accidente-en-rahue-bajo-deja-vehiculos-y-vivienda-con-danos","status":"publish","type":"post","link":"https:\/\/elconquistadorredloslagos.cl\/test\/blog\/2025\/08\/18\/accidente-en-rahue-bajo-deja-vehiculos-y-vivienda-con-danos\/","title":{"rendered":"Accidente en Rahue Bajo deja veh\u00edculos y vivienda con da\u00f1os"},"content":{"rendered":"\n<p>Una colisi\u00f3n registrada en la intersecci\u00f3n de Concepci\u00f3n y Talca, en Rahue Bajo, provoc\u00f3 da\u00f1os en dos veh\u00edculos y en una vivienda. Seg\u00fan informaron autoridades, un autom\u00f3vil y un furg\u00f3n chocaron, y el impacto desvi\u00f3 al furg\u00f3n, que termin\u00f3 incrustado en la casa cercana.<\/p>\n\n\n\n<p>Carabineros lleg\u00f3 al lugar para constatar el estado de los ocupantes de ambos veh\u00edculos y de los residentes afectados, adem\u00e1s de controlar el tr\u00e1nsito vehicular y peatonal en un cruce semaforizado que, pese a las se\u00f1ales, ha sido escenario de otros accidentes.<\/p>\n\n\n\n<p>Las causas del incidente son investigadas, mientras que los da\u00f1os incluyen tanto el autom\u00f3vil y el furg\u00f3n como la estructura de la vivienda. Las autoridades reiteraron la importancia de la precauci\u00f3n en la zona.<\/p>\n\n\n\n<p>\ud83d\udcf7 Emergencias Osorno<\/p>\n","protected":false},"excerpt":{"rendered":"<p>Una colisi\u00f3n registrada en la intersecci\u00f3n de Concepci\u00f3n y Talca, en Rahue Bajo, provoc\u00f3 da\u00f1os en dos veh\u00edculos y en una vivienda. Seg\u00fan informaron autoridades, un autom\u00f3vil y un furg\u00f3n..<\/p>\n","protected":false},"author":2,"featured_media":13206,"comment_status":"closed","ping_status":"open","sticky":false,"template":"","format":"standard","meta":{"footnotes":""},"categories":[1,28,55],"tags":[],"class_list":["post-13205","post","type-post","status-publish","format-standard","has-post-thumbnail","hentry","category-acontecer","category-actual","category-osorno"],"rttpg_featured_image_url":{"full":["https:\/\/elconquistadorredloslagos.cl\/test\/wp-content\/uploads\/2025\/08\/img_10-4.jpg",1920,1080,false],"landscape":["https:\/\/elconquistadorredloslagos.cl\/test\/wp-content\/uploads\/2025\/08\/img_10-4.jpg",1920,1080,false],"portraits":["https:\/\/elconquistadorredloslagos.cl\/test\/wp-content\/uploads\/2025\/08\/img_10-4.jpg",1920,1080,false],"thumbnail":["https:\/\/elconquistadorredloslagos.cl\/test\/wp-content\/uploads\/2025\/08\/img_10-4-150x150.jpg",150,150,true],"medium":["https:\/\/elconquistadorredloslagos.cl\/test\/wp-content\/uploads\/2025\/08\/img_10-4-300x169.jpg",300,169,true],"large":["https:\/\/elconquistadorredloslagos.cl\/test\/wp-content\/uploads\/2025\/08\/img_10-4-1024x576.jpg",1024,576,true],"1536x1536":["https:\/\/elconquistadorredloslagos.cl\/test\/wp-content\/uploads\/2025\/08\/img_10-4-1536x864.jpg",1536,864,true],"2048x2048":["https:\/\/elconquistadorredloslagos.cl\/test\/wp-content\/uploads\/2025\/08\/img_10-4.jpg",1920,1080,false]},"rttpg_author":{"display_name":"ccardenas","author_link":"https:\/\/elconquistadorredloslagos.cl\/test\/blog\/author\/ccardenas\/"},"rttpg_comment":0,"rttpg_category":"<a href=\"https:\/\/elconquistadorredloslagos.cl\/test\/blog\/category\/actual\/acontecer\/\" rel=\"category tag\">Acontecer<\/a> <a href=\"https:\/\/elconquistadorredloslagos.cl\/test\/blog\/category\/actual\/\" rel=\"category tag\">Actualidad<\/a> <a href=\"https:\/\/elconquistadorredloslagos.cl\/test\/blog\/category\/chile\/osorno\/\" rel=\"category tag\">Osorno<\/a>","rttpg_excerpt":"Una colisi\u00f3n registrada en la intersecci\u00f3n de Concepci\u00f3n y Talca, en Rahue Bajo, provoc\u00f3 da\u00f1os en dos veh\u00edculos y en una vivienda. Seg\u00fan informaron autoridades, un autom\u00f3vil y un furg\u00f3n..","_links":{"self":[{"href":"https:\/\/elconquistadorredloslagos.cl\/test\/wp-json\/wp\/v2\/posts\/13205","targetHints":{"allow":["GET"]}}],"collection":[{"href":"https:\/\/elconquistadorredloslagos.cl\/test\/wp-json\/wp\/v2\/posts"}],"about":[{"href":"https:\/\/elconquistadorredloslagos.cl\/test\/wp-json\/wp\/v2\/types\/post"}],"author":[{"embeddable":true,"href":"https:\/\/elconquistadorredloslagos.cl\/test\/wp-json\/wp\/v2\/users\/2"}],"replies":[{"embeddable":true,"href":"https:\/\/elconquistadorredloslagos.cl\/test\/wp-json\/wp\/v2\/comments?post=13205"}],"version-history":[{"count":1,"href":"https:\/\/elconquistadorredloslagos.cl\/test\/wp-json\/wp\/v2\/posts\/13205\/revisions"}],"predecessor-version":[{"id":13207,"href":"https:\/\/elconquistadorredloslagos.cl\/test\/wp-json\/wp\/v2\/posts\/13205\/revisions\/13207"}],"wp:featuredmedia":[{"embeddable":true,"href":"https:\/\/elconquistadorredloslagos.cl\/test\/wp-json\/wp\/v2\/media\/13206"}],"wp:attachment":[{"href":"https:\/\/elconquistadorredloslagos.cl\/test\/wp-json\/wp\/v2\/media?parent=13205"}],"wp:term":[{"taxonomy":"category","embeddable":true,"href":"https:\/\/elconquistadorredloslagos.cl\/test\/wp-json\/wp\/v2\/categories?post=13205"},{"taxonomy":"post_tag","embeddable":true,"href":"https:\/\/elconquistadorredloslagos.cl\/test\/wp-json\/wp\/v2\/tags?post=13205"}],"curies":[{"name":"wp","href":"https:\/\/api.w.org\/{rel}","templated":true}]}}