{"id":13200,"date":"2025-08-18T12:54:40","date_gmt":"2025-08-18T16:54:40","guid":{"rendered":"https:\/\/elconquistadorredloslagos.cl\/test\/?p=13200"},"modified":"2025-08-18T12:54:40","modified_gmt":"2025-08-18T16:54:40","slug":"chonchi-celebra-inauguracion-de-nuevo-cuartel-de-la-segunda-compania-de-bomberos","status":"publish","type":"post","link":"https:\/\/elconquistadorredloslagos.cl\/test\/blog\/2025\/08\/18\/chonchi-celebra-inauguracion-de-nuevo-cuartel-de-la-segunda-compania-de-bomberos\/","title":{"rendered":"Chonchi celebra inauguraci\u00f3n de nuevo cuartel de la Segunda Compa\u00f1\u00eda de Bomberos"},"content":{"rendered":"\n<p>Con la presencia de autoridades regionales, comunales y vecinos, se inaugur\u00f3 el moderno cuartel de la Segunda Compa\u00f1\u00eda de Bomberos de Chonchi, una infraestructura largamente esperada por la comunidad y los voluntarios.<\/p>\n\n\n\n<p>El edificio de 418,5 metros cuadrados y con una inversi\u00f3n superior a los $1.100 millones financiados por el Gobierno Regional de Los Lagos, reemplaza a las antiguas dependencias que no cumpl\u00edan con las condiciones m\u00ednimas para la operatividad. Las nuevas instalaciones incluyen sala de m\u00e1quinas, oficinas, dormitorios, ba\u00f1os, sala de estudio, cocina, living para el cuartelero, terraza y espacios de reuni\u00f3n, mejorando la labor de m\u00e1s de 50 voluntarios y dos unidades de material mayor.<\/p>\n\n\n\n<p>La concreci\u00f3n de este proyecto no estuvo exenta de tropiezos. La primera empresa a cargo abandon\u00f3 los trabajos en 2021, lo que oblig\u00f3 a liquidar el contrato y retrasar la obra hasta una nueva licitaci\u00f3n en 2023, que finalmente permiti\u00f3 su t\u00e9rmino en 2025. Durante la ceremonia, el alcalde Fernando Oyarz\u00fan destac\u00f3 que la obra \u201ccumple un sue\u00f1o\u201d de generaciones.<\/p>\n\n\n\n<figure class=\"wp-block-audio\"><audio controls src=\"https:\/\/elconquistadorredloslagos.cl\/test\/wp-content\/uploads\/2025\/08\/CUNA-ALCALDE-CHONCHI.mp3\"><\/audio><\/figure>\n\n\n\n<p>En tanto el gobernador (s) Carlos Recondo, subray\u00f3 la relevancia de apoyar a los bomberos de la regi\u00f3n con infraestructura adecuada.<\/p>\n\n\n\n<figure class=\"wp-block-audio\"><audio controls src=\"https:\/\/elconquistadorredloslagos.cl\/test\/wp-content\/uploads\/2025\/08\/CUNA-CARLOS-RECONDO.mp3\"><\/audio><\/figure>\n\n\n\n<p>La nueva construcci\u00f3n se convierte as\u00ed en un hito para Chonchi, reforzando la seguridad de sus m\u00e1s de 14 mil 800 habitantes y simbolizando el compromiso y la uni\u00f3n de toda una comunidad.<\/p>\n","protected":false},"excerpt":{"rendered":"<p>Con la presencia de autoridades regionales, comunales y vecinos, se inaugur\u00f3 el moderno cuartel de la Segunda Compa\u00f1\u00eda de Bomberos de Chonchi, una infraestructura largamente esperada por la comunidad y..<\/p>\n","protected":false},"author":2,"featured_media":13203,"comment_status":"closed","ping_status":"open","sticky":false,"template":"","format":"standard","meta":{"footnotes":""},"categories":[1,28,51],"tags":[],"class_list":["post-13200","post","type-post","status-publish","format-standard","has-post-thumbnail","hentry","category-acontecer","category-actual","category-chiloe"],"rttpg_featured_image_url":{"full":["https:\/\/elconquistadorredloslagos.cl\/test\/wp-content\/uploads\/2025\/08\/img_10-3.jpg",1920,1080,false],"landscape":["https:\/\/elconquistadorredloslagos.cl\/test\/wp-content\/uploads\/2025\/08\/img_10-3.jpg",1920,1080,false],"portraits":["https:\/\/elconquistadorredloslagos.cl\/test\/wp-content\/uploads\/2025\/08\/img_10-3.jpg",1920,1080,false],"thumbnail":["https:\/\/elconquistadorredloslagos.cl\/test\/wp-content\/uploads\/2025\/08\/img_10-3-150x150.jpg",150,150,true],"medium":["https:\/\/elconquistadorredloslagos.cl\/test\/wp-content\/uploads\/2025\/08\/img_10-3-300x169.jpg",300,169,true],"large":["https:\/\/elconquistadorredloslagos.cl\/test\/wp-content\/uploads\/2025\/08\/img_10-3-1024x576.jpg",1024,576,true],"1536x1536":["https:\/\/elconquistadorredloslagos.cl\/test\/wp-content\/uploads\/2025\/08\/img_10-3-1536x864.jpg",1536,864,true],"2048x2048":["https:\/\/elconquistadorredloslagos.cl\/test\/wp-content\/uploads\/2025\/08\/img_10-3.jpg",1920,1080,false]},"rttpg_author":{"display_name":"ccardenas","author_link":"https:\/\/elconquistadorredloslagos.cl\/test\/blog\/author\/ccardenas\/"},"rttpg_comment":0,"rttpg_category":"<a href=\"https:\/\/elconquistadorredloslagos.cl\/test\/blog\/category\/actual\/acontecer\/\" rel=\"category tag\">Acontecer<\/a> <a href=\"https:\/\/elconquistadorredloslagos.cl\/test\/blog\/category\/actual\/\" rel=\"category tag\">Actualidad<\/a> <a href=\"https:\/\/elconquistadorredloslagos.cl\/test\/blog\/category\/chile\/chiloe\/\" rel=\"category tag\">Chilo\u00e9<\/a>","rttpg_excerpt":"Con la presencia de autoridades regionales, comunales y vecinos, se inaugur\u00f3 el moderno cuartel de la Segunda Compa\u00f1\u00eda de Bomberos de Chonchi, una infraestructura largamente esperada por la comunidad y..","_links":{"self":[{"href":"https:\/\/elconquistadorredloslagos.cl\/test\/wp-json\/wp\/v2\/posts\/13200","targetHints":{"allow":["GET"]}}],"collection":[{"href":"https:\/\/elconquistadorredloslagos.cl\/test\/wp-json\/wp\/v2\/posts"}],"about":[{"href":"https:\/\/elconquistadorredloslagos.cl\/test\/wp-json\/wp\/v2\/types\/post"}],"author":[{"embeddable":true,"href":"https:\/\/elconquistadorredloslagos.cl\/test\/wp-json\/wp\/v2\/users\/2"}],"replies":[{"embeddable":true,"href":"https:\/\/elconquistadorredloslagos.cl\/test\/wp-json\/wp\/v2\/comments?post=13200"}],"version-history":[{"count":1,"href":"https:\/\/elconquistadorredloslagos.cl\/test\/wp-json\/wp\/v2\/posts\/13200\/revisions"}],"predecessor-version":[{"id":13204,"href":"https:\/\/elconquistadorredloslagos.cl\/test\/wp-json\/wp\/v2\/posts\/13200\/revisions\/13204"}],"wp:featuredmedia":[{"embeddable":true,"href":"https:\/\/elconquistadorredloslagos.cl\/test\/wp-json\/wp\/v2\/media\/13203"}],"wp:attachment":[{"href":"https:\/\/elconquistadorredloslagos.cl\/test\/wp-json\/wp\/v2\/media?parent=13200"}],"wp:term":[{"taxonomy":"category","embeddable":true,"href":"https:\/\/elconquistadorredloslagos.cl\/test\/wp-json\/wp\/v2\/categories?post=13200"},{"taxonomy":"post_tag","embeddable":true,"href":"https:\/\/elconquistadorredloslagos.cl\/test\/wp-json\/wp\/v2\/tags?post=13200"}],"curies":[{"name":"wp","href":"https:\/\/api.w.org\/{rel}","templated":true}]}}