{"id":13194,"date":"2025-08-18T12:51:13","date_gmt":"2025-08-18T16:51:13","guid":{"rendered":"https:\/\/elconquistadorredloslagos.cl\/test\/?p=13194"},"modified":"2025-08-18T12:51:13","modified_gmt":"2025-08-18T16:51:13","slug":"proyecto-de-reposicion-del-hospital-de-castro-mantiene-continuidad-y-autoridades-detallan-avances-de-la-iniciativa","status":"publish","type":"post","link":"https:\/\/elconquistadorredloslagos.cl\/test\/blog\/2025\/08\/18\/proyecto-de-reposicion-del-hospital-de-castro-mantiene-continuidad-y-autoridades-detallan-avances-de-la-iniciativa\/","title":{"rendered":"Proyecto de reposici\u00f3n del Hospital de Castro mantiene continuidad y autoridades detallan avances de la iniciativa"},"content":{"rendered":"\n<p>La continuidad del proyecto de reposici\u00f3n del Hospital de Castro qued\u00f3 clara tras una reuni\u00f3n de autoridades regionales y locales, que busc\u00f3 disipar la preocupaci\u00f3n generada por versiones que pon\u00edan en duda la iniciativa. En el encuentro participaron el delegado presidencial provincial Marcelo Malague\u00f1o, la directora del Servicio de Salud Chilo\u00e9, Marcela C\u00e1rcamo; la seremi de Salud Los Lagos, Karin Sol\u00eds, de manera telem\u00e1tica; el jefe de infraestructura del Minsal, Carlos Manzi; el alcalde de Castro, Baltazar Elgueta; y el representante del COSOC provincial, Iv\u00e1n Lab\u00e1n.<\/p>\n\n\n\n<p>El objetivo principal fue aclarar el alcance del oficio de la Subsecretar\u00eda de Redes Asistenciales, que instruye evaluar alternativas para el hospital actual, y que algunos interpretaron como un posible freno al proyecto. As\u00ed lo ratific\u00f3 el delegado provincial, Marcelo Malague\u00f1o.<\/p>\n\n\n\n<figure class=\"wp-block-audio\"><audio controls src=\"https:\/\/elconquistadorredloslagos.cl\/test\/wp-content\/uploads\/2025\/08\/CUNA-DELEGADO-CHILOE.mp3\"><\/audio><\/figure>\n\n\n\n<p>Por su parte, la directora del Servicio de Salud Chilo\u00e9, Marcela C\u00e1rcamo explic\u00f3 que el terreno de 8,8 hect\u00e1reas ser\u00e1 adquirido por SERVIU y que el proyecto pasar\u00e1 a Ministerio de Desarrollo Social, antes de entrar en dise\u00f1o arquitect\u00f3nico.<\/p>\n\n\n\n<figure class=\"wp-block-audio\"><audio controls src=\"https:\/\/elconquistadorredloslagos.cl\/test\/wp-content\/uploads\/2025\/08\/CUNA-SSCHILOE.mp3\"><\/audio><\/figure>\n\n\n\n<p>Junto con ello, la personera fue enf\u00e1tica al se\u00f1alar que desde el Servicio de Salud se ha mantenido un di\u00e1logo permanente con el Colegio M\u00e9dico y a las diferentes organizaciones que abogan por este proyecto.<\/p>\n\n\n\n<figure class=\"wp-block-audio\"><audio controls src=\"https:\/\/elconquistadorredloslagos.cl\/test\/wp-content\/uploads\/2025\/08\/CUNA-SSCHILOE-2.mp3\"><\/audio><\/figure>\n\n\n\n<p>La iniciativa incluye ampliaci\u00f3n de camas UTI, nuevos pabellones quir\u00fargicos, refuerzo en esterilizaci\u00f3n y reubicaci\u00f3n administrativa. Tambi\u00e9n se contempla un consultorio anexo para descongestionar especialidades quir\u00fargicas y la creaci\u00f3n del COSAM, trasladando atenci\u00f3n ambulatoria de salud mental fuera del hospital.<\/p>\n\n\n\n<p>El alcalde Elgueta respald\u00f3 la urgencia de avanzar en la soluci\u00f3n hospitalaria y convoc\u00f3 a la comunidad a una reuni\u00f3n este lunes 18 a las 14.30 horas en el Centro Cultural de Castro para mantener la presi\u00f3n ciudadana sobre el proyecto.<\/p>\n\n\n\n<p>\ud83d\udcf7 Redes sociales<\/p>\n","protected":false},"excerpt":{"rendered":"<p>La continuidad del proyecto de reposici\u00f3n del Hospital de Castro qued\u00f3 clara tras una reuni\u00f3n de autoridades regionales y locales, que busc\u00f3 disipar la preocupaci\u00f3n generada por versiones que pon\u00edan..<\/p>\n","protected":false},"author":2,"featured_media":13198,"comment_status":"closed","ping_status":"open","sticky":false,"template":"","format":"standard","meta":{"footnotes":""},"categories":[1,28,51],"tags":[],"class_list":["post-13194","post","type-post","status-publish","format-standard","has-post-thumbnail","hentry","category-acontecer","category-actual","category-chiloe"],"rttpg_featured_image_url":{"full":["https:\/\/elconquistadorredloslagos.cl\/test\/wp-content\/uploads\/2025\/08\/img_10-2.jpg",1920,1080,false],"landscape":["https:\/\/elconquistadorredloslagos.cl\/test\/wp-content\/uploads\/2025\/08\/img_10-2.jpg",1920,1080,false],"portraits":["https:\/\/elconquistadorredloslagos.cl\/test\/wp-content\/uploads\/2025\/08\/img_10-2.jpg",1920,1080,false],"thumbnail":["https:\/\/elconquistadorredloslagos.cl\/test\/wp-content\/uploads\/2025\/08\/img_10-2-150x150.jpg",150,150,true],"medium":["https:\/\/elconquistadorredloslagos.cl\/test\/wp-content\/uploads\/2025\/08\/img_10-2-300x169.jpg",300,169,true],"large":["https:\/\/elconquistadorredloslagos.cl\/test\/wp-content\/uploads\/2025\/08\/img_10-2-1024x576.jpg",1024,576,true],"1536x1536":["https:\/\/elconquistadorredloslagos.cl\/test\/wp-content\/uploads\/2025\/08\/img_10-2-1536x864.jpg",1536,864,true],"2048x2048":["https:\/\/elconquistadorredloslagos.cl\/test\/wp-content\/uploads\/2025\/08\/img_10-2.jpg",1920,1080,false]},"rttpg_author":{"display_name":"ccardenas","author_link":"https:\/\/elconquistadorredloslagos.cl\/test\/blog\/author\/ccardenas\/"},"rttpg_comment":0,"rttpg_category":"<a href=\"https:\/\/elconquistadorredloslagos.cl\/test\/blog\/category\/actual\/acontecer\/\" rel=\"category tag\">Acontecer<\/a> <a href=\"https:\/\/elconquistadorredloslagos.cl\/test\/blog\/category\/actual\/\" rel=\"category tag\">Actualidad<\/a> <a href=\"https:\/\/elconquistadorredloslagos.cl\/test\/blog\/category\/chile\/chiloe\/\" rel=\"category tag\">Chilo\u00e9<\/a>","rttpg_excerpt":"La continuidad del proyecto de reposici\u00f3n del Hospital de Castro qued\u00f3 clara tras una reuni\u00f3n de autoridades regionales y locales, que busc\u00f3 disipar la preocupaci\u00f3n generada por versiones que pon\u00edan..","_links":{"self":[{"href":"https:\/\/elconquistadorredloslagos.cl\/test\/wp-json\/wp\/v2\/posts\/13194","targetHints":{"allow":["GET"]}}],"collection":[{"href":"https:\/\/elconquistadorredloslagos.cl\/test\/wp-json\/wp\/v2\/posts"}],"about":[{"href":"https:\/\/elconquistadorredloslagos.cl\/test\/wp-json\/wp\/v2\/types\/post"}],"author":[{"embeddable":true,"href":"https:\/\/elconquistadorredloslagos.cl\/test\/wp-json\/wp\/v2\/users\/2"}],"replies":[{"embeddable":true,"href":"https:\/\/elconquistadorredloslagos.cl\/test\/wp-json\/wp\/v2\/comments?post=13194"}],"version-history":[{"count":1,"href":"https:\/\/elconquistadorredloslagos.cl\/test\/wp-json\/wp\/v2\/posts\/13194\/revisions"}],"predecessor-version":[{"id":13199,"href":"https:\/\/elconquistadorredloslagos.cl\/test\/wp-json\/wp\/v2\/posts\/13194\/revisions\/13199"}],"wp:featuredmedia":[{"embeddable":true,"href":"https:\/\/elconquistadorredloslagos.cl\/test\/wp-json\/wp\/v2\/media\/13198"}],"wp:attachment":[{"href":"https:\/\/elconquistadorredloslagos.cl\/test\/wp-json\/wp\/v2\/media?parent=13194"}],"wp:term":[{"taxonomy":"category","embeddable":true,"href":"https:\/\/elconquistadorredloslagos.cl\/test\/wp-json\/wp\/v2\/categories?post=13194"},{"taxonomy":"post_tag","embeddable":true,"href":"https:\/\/elconquistadorredloslagos.cl\/test\/wp-json\/wp\/v2\/tags?post=13194"}],"curies":[{"name":"wp","href":"https:\/\/api.w.org\/{rel}","templated":true}]}}