{"id":13190,"date":"2025-08-18T12:46:55","date_gmt":"2025-08-18T16:46:55","guid":{"rendered":"https:\/\/elconquistadorredloslagos.cl\/test\/?p=13190"},"modified":"2025-08-18T12:46:56","modified_gmt":"2025-08-18T16:46:56","slug":"violento-ataque-en-ancud-deja-a-hombre-hospitalizado-y-joven-detenido-en-investigacion-por-homicidio-frustrado","status":"publish","type":"post","link":"https:\/\/elconquistadorredloslagos.cl\/test\/blog\/2025\/08\/18\/violento-ataque-en-ancud-deja-a-hombre-hospitalizado-y-joven-detenido-en-investigacion-por-homicidio-frustrado\/","title":{"rendered":"Violento ataque en Ancud deja a hombre hospitalizado y joven detenido en investigaci\u00f3n por homicidio frustrado"},"content":{"rendered":"\n<p>Un confuso hecho policial mantiene a un joven bajo detenci\u00f3n en Ancud, luego de protagonizar un violento episodio que dej\u00f3 a un hombre de 58 a\u00f1os gravemente herido. El incidente ocurri\u00f3 durante la madrugada al interior de un domicilio en calle Cabo Vergara, a pocas cuadras del terminal de buses de la comuna, donde ambos involucrados compart\u00edan, lo que termin\u00f3 en una feroz discusi\u00f3n.<\/p>\n\n\n\n<p>Seg\u00fan los primeros antecedentes, la disputa escal\u00f3 r\u00e1pidamente hasta transformarse en una agresi\u00f3n con diversos elementos. Producto de los golpes, la v\u00edctima qued\u00f3 inconsciente y fue hallada tendida en el suelo por personal policial que acudi\u00f3 tras un llamado de emergencia. El hombre fue trasladado de urgencia por el SAMU hasta el Hospital San Carlos, debido a la gravedad de sus lesiones.<\/p>\n\n\n\n<p>Carabineros inform\u00f3 que ambos sujetos se encontraban bajo los efectos del alcohol al momento del altercado, situaci\u00f3n que habr\u00eda favorecido la violencia desatada. La Polic\u00eda de Investigaciones, a trav\u00e9s de la Brigada de Homicidios de Castro, qued\u00f3 a cargo de las indagatorias, mientras la Fiscal\u00eda solicit\u00f3 diligencias clave para determinar si existi\u00f3 la intenci\u00f3n de provocar la muerte de la v\u00edctima. As\u00ed lo detall\u00f3 la subprefecto de dicha unidad, Carol S\u00e1nchez.<\/p>\n\n\n\n<figure class=\"wp-block-audio\"><audio controls src=\"https:\/\/elconquistadorredloslagos.cl\/test\/wp-content\/uploads\/2025\/08\/CUNA-PDI-ANCUD.mp3\"><\/audio><\/figure>\n\n\n\n<p>En audiencia realizada este domingo en el Juzgado de Garant\u00eda de Ancud, la magistrada Ver\u00f3nica del Campo resolvi\u00f3 ampliar la detenci\u00f3n del imputado por 24 horas, mientras se esperan pericias m\u00e9dicas y declaraciones que permitan esclarecer el grado de responsabilidad. La fiscal\u00eda no descart\u00f3 una eventual formalizaci\u00f3n por homicidio frustrado, aunque la defensa aleg\u00f3 que el joven actu\u00f3 en defensa propia y sin \u00e1nimo homicida.<\/p>\n\n\n\n<p>\ud83d\udcf7 Contexto<\/p>\n","protected":false},"excerpt":{"rendered":"<p>Un confuso hecho policial mantiene a un joven bajo detenci\u00f3n en Ancud, luego de protagonizar un violento episodio que dej\u00f3 a un hombre de 58 a\u00f1os gravemente herido. El incidente..<\/p>\n","protected":false},"author":2,"featured_media":13192,"comment_status":"closed","ping_status":"open","sticky":false,"template":"","format":"standard","meta":{"footnotes":""},"categories":[1,28,51],"tags":[],"class_list":["post-13190","post","type-post","status-publish","format-standard","has-post-thumbnail","hentry","category-acontecer","category-actual","category-chiloe"],"rttpg_featured_image_url":{"full":["https:\/\/elconquistadorredloslagos.cl\/test\/wp-content\/uploads\/2025\/08\/img_10-1.jpg",1920,1080,false],"landscape":["https:\/\/elconquistadorredloslagos.cl\/test\/wp-content\/uploads\/2025\/08\/img_10-1.jpg",1920,1080,false],"portraits":["https:\/\/elconquistadorredloslagos.cl\/test\/wp-content\/uploads\/2025\/08\/img_10-1.jpg",1920,1080,false],"thumbnail":["https:\/\/elconquistadorredloslagos.cl\/test\/wp-content\/uploads\/2025\/08\/img_10-1-150x150.jpg",150,150,true],"medium":["https:\/\/elconquistadorredloslagos.cl\/test\/wp-content\/uploads\/2025\/08\/img_10-1-300x169.jpg",300,169,true],"large":["https:\/\/elconquistadorredloslagos.cl\/test\/wp-content\/uploads\/2025\/08\/img_10-1-1024x576.jpg",1024,576,true],"1536x1536":["https:\/\/elconquistadorredloslagos.cl\/test\/wp-content\/uploads\/2025\/08\/img_10-1-1536x864.jpg",1536,864,true],"2048x2048":["https:\/\/elconquistadorredloslagos.cl\/test\/wp-content\/uploads\/2025\/08\/img_10-1.jpg",1920,1080,false]},"rttpg_author":{"display_name":"ccardenas","author_link":"https:\/\/elconquistadorredloslagos.cl\/test\/blog\/author\/ccardenas\/"},"rttpg_comment":0,"rttpg_category":"<a href=\"https:\/\/elconquistadorredloslagos.cl\/test\/blog\/category\/actual\/acontecer\/\" rel=\"category tag\">Acontecer<\/a> <a href=\"https:\/\/elconquistadorredloslagos.cl\/test\/blog\/category\/actual\/\" rel=\"category tag\">Actualidad<\/a> <a href=\"https:\/\/elconquistadorredloslagos.cl\/test\/blog\/category\/chile\/chiloe\/\" rel=\"category tag\">Chilo\u00e9<\/a>","rttpg_excerpt":"Un confuso hecho policial mantiene a un joven bajo detenci\u00f3n en Ancud, luego de protagonizar un violento episodio que dej\u00f3 a un hombre de 58 a\u00f1os gravemente herido. El incidente..","_links":{"self":[{"href":"https:\/\/elconquistadorredloslagos.cl\/test\/wp-json\/wp\/v2\/posts\/13190","targetHints":{"allow":["GET"]}}],"collection":[{"href":"https:\/\/elconquistadorredloslagos.cl\/test\/wp-json\/wp\/v2\/posts"}],"about":[{"href":"https:\/\/elconquistadorredloslagos.cl\/test\/wp-json\/wp\/v2\/types\/post"}],"author":[{"embeddable":true,"href":"https:\/\/elconquistadorredloslagos.cl\/test\/wp-json\/wp\/v2\/users\/2"}],"replies":[{"embeddable":true,"href":"https:\/\/elconquistadorredloslagos.cl\/test\/wp-json\/wp\/v2\/comments?post=13190"}],"version-history":[{"count":1,"href":"https:\/\/elconquistadorredloslagos.cl\/test\/wp-json\/wp\/v2\/posts\/13190\/revisions"}],"predecessor-version":[{"id":13193,"href":"https:\/\/elconquistadorredloslagos.cl\/test\/wp-json\/wp\/v2\/posts\/13190\/revisions\/13193"}],"wp:featuredmedia":[{"embeddable":true,"href":"https:\/\/elconquistadorredloslagos.cl\/test\/wp-json\/wp\/v2\/media\/13192"}],"wp:attachment":[{"href":"https:\/\/elconquistadorredloslagos.cl\/test\/wp-json\/wp\/v2\/media?parent=13190"}],"wp:term":[{"taxonomy":"category","embeddable":true,"href":"https:\/\/elconquistadorredloslagos.cl\/test\/wp-json\/wp\/v2\/categories?post=13190"},{"taxonomy":"post_tag","embeddable":true,"href":"https:\/\/elconquistadorredloslagos.cl\/test\/wp-json\/wp\/v2\/tags?post=13190"}],"curies":[{"name":"wp","href":"https:\/\/api.w.org\/{rel}","templated":true}]}}