{"id":13186,"date":"2025-08-18T12:41:29","date_gmt":"2025-08-18T16:41:29","guid":{"rendered":"https:\/\/elconquistadorredloslagos.cl\/test\/?p=13186"},"modified":"2025-08-18T12:41:30","modified_gmt":"2025-08-18T16:41:30","slug":"ministro-cordero-estima-plazo-de-hasta-tres-meses-para-extradicion-de-sicario-del-rey-de-meiggs","status":"publish","type":"post","link":"https:\/\/elconquistadorredloslagos.cl\/test\/blog\/2025\/08\/18\/ministro-cordero-estima-plazo-de-hasta-tres-meses-para-extradicion-de-sicario-del-rey-de-meiggs\/","title":{"rendered":"Ministro Cordero estima plazo de hasta tres meses para extradici\u00f3n de sicario del \u201cRey de Meiggs\u201d"},"content":{"rendered":"\n<p>El ministro de Seguridad P\u00fablica, Luis Cordero, confirm\u00f3 la detenci\u00f3n en Colombia de Alberto Carlos Mej\u00eda Hern\u00e1ndez, imputado por el homicidio del empresario Jos\u00e9 Reyes Ossa, conocido como el \u201cRey de Meiggs\u201d. Mej\u00eda Hern\u00e1ndez hab\u00eda sido liberado en julio por un presunto error administrativo que a\u00fan se investiga.<\/p>\n\n\n\n<p>Tras ello sali\u00f3 del pa\u00eds por la frontera norte y su paradero era incierto, aunque se especulaba que podr\u00eda estar en Per\u00fa o Argentina. Las autoridades chilenas mantuvieron contacto constante con sus hom\u00f3logos regionales para dar con \u00e9l.<\/p>\n\n\n\n<p>Cordero destac\u00f3 que la fuga fue monitoreada de forma exhaustiva y que se conoc\u00eda la manera en que abandon\u00f3 Chile. Respecto al proceso de extradici\u00f3n, se\u00f1al\u00f3 que la cooperaci\u00f3n con Colombia ha sido activa y r\u00e1pida, estimando que el imputado podr\u00eda regresar al pa\u00eds en \u201cno m\u00e1s all\u00e1 de dos o tres meses\u201d.<\/p>\n\n\n\n<figure class=\"wp-block-audio\"><audio controls src=\"https:\/\/elconquistadorredloslagos.cl\/test\/wp-content\/uploads\/2025\/08\/CUNA-MINISTRO-CORDERO.mp3\"><\/audio><\/figure>\n\n\n\n<p>El ministro descart\u00f3 que Mej\u00eda Hern\u00e1ndez sea buscado por otros pa\u00edses y asegur\u00f3 que la investigaci\u00f3n en Chile seguir\u00e1 su curso. Asimismo, neg\u00f3 relaci\u00f3n entre este caso y el reciente asalto al fiscal Marcos Past\u00e9n.<\/p>\n\n\n\n<p>\ud83d\udcf7 Redes sociales<\/p>\n","protected":false},"excerpt":{"rendered":"<p>El ministro de Seguridad P\u00fablica, Luis Cordero, confirm\u00f3 la detenci\u00f3n en Colombia de Alberto Carlos Mej\u00eda Hern\u00e1ndez, imputado por el homicidio del empresario Jos\u00e9 Reyes Ossa, conocido como el \u201cRey..<\/p>\n","protected":false},"author":2,"featured_media":13188,"comment_status":"closed","ping_status":"open","sticky":false,"template":"","format":"standard","meta":{"footnotes":""},"categories":[1,28,53,52],"tags":[],"class_list":["post-13186","post","type-post","status-publish","format-standard","has-post-thumbnail","hentry","category-acontecer","category-actual","category-mundo","category-chile"],"rttpg_featured_image_url":{"full":["https:\/\/elconquistadorredloslagos.cl\/test\/wp-content\/uploads\/2025\/08\/img_10.jpg",1920,1080,false],"landscape":["https:\/\/elconquistadorredloslagos.cl\/test\/wp-content\/uploads\/2025\/08\/img_10.jpg",1920,1080,false],"portraits":["https:\/\/elconquistadorredloslagos.cl\/test\/wp-content\/uploads\/2025\/08\/img_10.jpg",1920,1080,false],"thumbnail":["https:\/\/elconquistadorredloslagos.cl\/test\/wp-content\/uploads\/2025\/08\/img_10-150x150.jpg",150,150,true],"medium":["https:\/\/elconquistadorredloslagos.cl\/test\/wp-content\/uploads\/2025\/08\/img_10-300x169.jpg",300,169,true],"large":["https:\/\/elconquistadorredloslagos.cl\/test\/wp-content\/uploads\/2025\/08\/img_10-1024x576.jpg",1024,576,true],"1536x1536":["https:\/\/elconquistadorredloslagos.cl\/test\/wp-content\/uploads\/2025\/08\/img_10-1536x864.jpg",1536,864,true],"2048x2048":["https:\/\/elconquistadorredloslagos.cl\/test\/wp-content\/uploads\/2025\/08\/img_10.jpg",1920,1080,false]},"rttpg_author":{"display_name":"ccardenas","author_link":"https:\/\/elconquistadorredloslagos.cl\/test\/blog\/author\/ccardenas\/"},"rttpg_comment":0,"rttpg_category":"<a href=\"https:\/\/elconquistadorredloslagos.cl\/test\/blog\/category\/actual\/acontecer\/\" rel=\"category tag\">Acontecer<\/a> <a href=\"https:\/\/elconquistadorredloslagos.cl\/test\/blog\/category\/actual\/\" rel=\"category tag\">Actualidad<\/a> <a href=\"https:\/\/elconquistadorredloslagos.cl\/test\/blog\/category\/mundo\/\" rel=\"category tag\">Internacional<\/a> <a href=\"https:\/\/elconquistadorredloslagos.cl\/test\/blog\/category\/chile\/\" rel=\"category tag\">Nacional<\/a>","rttpg_excerpt":"El ministro de Seguridad P\u00fablica, Luis Cordero, confirm\u00f3 la detenci\u00f3n en Colombia de Alberto Carlos Mej\u00eda Hern\u00e1ndez, imputado por el homicidio del empresario Jos\u00e9 Reyes Ossa, conocido como el \u201cRey..","_links":{"self":[{"href":"https:\/\/elconquistadorredloslagos.cl\/test\/wp-json\/wp\/v2\/posts\/13186","targetHints":{"allow":["GET"]}}],"collection":[{"href":"https:\/\/elconquistadorredloslagos.cl\/test\/wp-json\/wp\/v2\/posts"}],"about":[{"href":"https:\/\/elconquistadorredloslagos.cl\/test\/wp-json\/wp\/v2\/types\/post"}],"author":[{"embeddable":true,"href":"https:\/\/elconquistadorredloslagos.cl\/test\/wp-json\/wp\/v2\/users\/2"}],"replies":[{"embeddable":true,"href":"https:\/\/elconquistadorredloslagos.cl\/test\/wp-json\/wp\/v2\/comments?post=13186"}],"version-history":[{"count":1,"href":"https:\/\/elconquistadorredloslagos.cl\/test\/wp-json\/wp\/v2\/posts\/13186\/revisions"}],"predecessor-version":[{"id":13189,"href":"https:\/\/elconquistadorredloslagos.cl\/test\/wp-json\/wp\/v2\/posts\/13186\/revisions\/13189"}],"wp:featuredmedia":[{"embeddable":true,"href":"https:\/\/elconquistadorredloslagos.cl\/test\/wp-json\/wp\/v2\/media\/13188"}],"wp:attachment":[{"href":"https:\/\/elconquistadorredloslagos.cl\/test\/wp-json\/wp\/v2\/media?parent=13186"}],"wp:term":[{"taxonomy":"category","embeddable":true,"href":"https:\/\/elconquistadorredloslagos.cl\/test\/wp-json\/wp\/v2\/categories?post=13186"},{"taxonomy":"post_tag","embeddable":true,"href":"https:\/\/elconquistadorredloslagos.cl\/test\/wp-json\/wp\/v2\/tags?post=13186"}],"curies":[{"name":"wp","href":"https:\/\/api.w.org\/{rel}","templated":true}]}}