{"id":13181,"date":"2025-08-18T09:34:35","date_gmt":"2025-08-18T13:34:35","guid":{"rendered":"https:\/\/elconquistadorredloslagos.cl\/test\/?p=13181"},"modified":"2025-08-18T09:34:35","modified_gmt":"2025-08-18T13:34:35","slug":"pavimentan-calle-28-de-mayo-en-nueva-braunau-con-inversion-historica","status":"publish","type":"post","link":"https:\/\/elconquistadorredloslagos.cl\/test\/blog\/2025\/08\/18\/pavimentan-calle-28-de-mayo-en-nueva-braunau-con-inversion-historica\/","title":{"rendered":"Pavimentan calle 28 de Mayo en Nueva Braunau con inversi\u00f3n hist\u00f3rica"},"content":{"rendered":"\n<p>En el marco del 150\u00b0 aniversario de Nueva Braunau, en Puerto Varas, comenzaron los trabajos de pavimentaci\u00f3n de la calle 28 de Mayo, proyecto que representa una inversi\u00f3n de 94 millones de pesos, financiados por la Subsecretar\u00eda de Desarrollo Regional (SUBDERE). <\/p>\n\n\n\n<p>La obra contempla 470 metros cuadrados de calzada de hormig\u00f3n, aceras de diversos espesores, rampas de accesibilidad universal y un sistema de manejo de aguas lluvias, mejorando la seguridad vial y la calidad de vida de los vecinos.<\/p>\n\n\n\n<p>La ceremonia de primera piedra cont\u00f3 con la presencia del alcalde Tom\u00e1s G\u00e1rate, concejales y dirigentes comunitarios. <\/p>\n\n\n\n<p>La presidenta de la Junta de Vecinos Bellavista, Mar\u00eda Elena Rodr\u00edguez, destac\u00f3 el logro tras a\u00f1os de gesti\u00f3n y agradeci\u00f3 el apoyo municipal.<\/p>\n\n\n\n<p>Las obras, que beneficiar\u00e1n a Villa Bellavista y zonas aleda\u00f1as, se extender\u00e1n por 150 d\u00edas corridos, respondiendo a una necesidad sentida de la comunidad para facilitar el tr\u00e1nsito peatonal y vehicular, y consolidar la infraestructura urbana de Nueva Braunau.<\/p>\n\n\n\n<p>\ud83d\udcf7 Contexto <\/p>\n","protected":false},"excerpt":{"rendered":"<p>En el marco del 150\u00b0 aniversario de Nueva Braunau, en Puerto Varas, comenzaron los trabajos de pavimentaci\u00f3n de la calle 28 de Mayo, proyecto que representa una inversi\u00f3n de 94..<\/p>\n","protected":false},"author":2,"featured_media":13182,"comment_status":"closed","ping_status":"open","sticky":false,"template":"","format":"standard","meta":{"footnotes":""},"categories":[28],"tags":[],"class_list":["post-13181","post","type-post","status-publish","format-standard","has-post-thumbnail","hentry","category-actual"],"rttpg_featured_image_url":{"full":["https:\/\/elconquistadorredloslagos.cl\/test\/wp-content\/uploads\/2025\/08\/uesta_20250817_223217_0000.jpg",1920,1080,false],"landscape":["https:\/\/elconquistadorredloslagos.cl\/test\/wp-content\/uploads\/2025\/08\/uesta_20250817_223217_0000.jpg",1920,1080,false],"portraits":["https:\/\/elconquistadorredloslagos.cl\/test\/wp-content\/uploads\/2025\/08\/uesta_20250817_223217_0000.jpg",1920,1080,false],"thumbnail":["https:\/\/elconquistadorredloslagos.cl\/test\/wp-content\/uploads\/2025\/08\/uesta_20250817_223217_0000-150x150.jpg",150,150,true],"medium":["https:\/\/elconquistadorredloslagos.cl\/test\/wp-content\/uploads\/2025\/08\/uesta_20250817_223217_0000-300x169.jpg",300,169,true],"large":["https:\/\/elconquistadorredloslagos.cl\/test\/wp-content\/uploads\/2025\/08\/uesta_20250817_223217_0000-1024x576.jpg",1024,576,true],"1536x1536":["https:\/\/elconquistadorredloslagos.cl\/test\/wp-content\/uploads\/2025\/08\/uesta_20250817_223217_0000-1536x864.jpg",1536,864,true],"2048x2048":["https:\/\/elconquistadorredloslagos.cl\/test\/wp-content\/uploads\/2025\/08\/uesta_20250817_223217_0000.jpg",1920,1080,false]},"rttpg_author":{"display_name":"ccardenas","author_link":"https:\/\/elconquistadorredloslagos.cl\/test\/blog\/author\/ccardenas\/"},"rttpg_comment":0,"rttpg_category":"<a href=\"https:\/\/elconquistadorredloslagos.cl\/test\/blog\/category\/actual\/\" rel=\"category tag\">Actualidad<\/a>","rttpg_excerpt":"En el marco del 150\u00b0 aniversario de Nueva Braunau, en Puerto Varas, comenzaron los trabajos de pavimentaci\u00f3n de la calle 28 de Mayo, proyecto que representa una inversi\u00f3n de 94..","_links":{"self":[{"href":"https:\/\/elconquistadorredloslagos.cl\/test\/wp-json\/wp\/v2\/posts\/13181","targetHints":{"allow":["GET"]}}],"collection":[{"href":"https:\/\/elconquistadorredloslagos.cl\/test\/wp-json\/wp\/v2\/posts"}],"about":[{"href":"https:\/\/elconquistadorredloslagos.cl\/test\/wp-json\/wp\/v2\/types\/post"}],"author":[{"embeddable":true,"href":"https:\/\/elconquistadorredloslagos.cl\/test\/wp-json\/wp\/v2\/users\/2"}],"replies":[{"embeddable":true,"href":"https:\/\/elconquistadorredloslagos.cl\/test\/wp-json\/wp\/v2\/comments?post=13181"}],"version-history":[{"count":1,"href":"https:\/\/elconquistadorredloslagos.cl\/test\/wp-json\/wp\/v2\/posts\/13181\/revisions"}],"predecessor-version":[{"id":13183,"href":"https:\/\/elconquistadorredloslagos.cl\/test\/wp-json\/wp\/v2\/posts\/13181\/revisions\/13183"}],"wp:featuredmedia":[{"embeddable":true,"href":"https:\/\/elconquistadorredloslagos.cl\/test\/wp-json\/wp\/v2\/media\/13182"}],"wp:attachment":[{"href":"https:\/\/elconquistadorredloslagos.cl\/test\/wp-json\/wp\/v2\/media?parent=13181"}],"wp:term":[{"taxonomy":"category","embeddable":true,"href":"https:\/\/elconquistadorredloslagos.cl\/test\/wp-json\/wp\/v2\/categories?post=13181"},{"taxonomy":"post_tag","embeddable":true,"href":"https:\/\/elconquistadorredloslagos.cl\/test\/wp-json\/wp\/v2\/tags?post=13181"}],"curies":[{"name":"wp","href":"https:\/\/api.w.org\/{rel}","templated":true}]}}