{"id":13178,"date":"2025-08-18T09:34:54","date_gmt":"2025-08-18T13:34:54","guid":{"rendered":"https:\/\/elconquistadorredloslagos.cl\/test\/?p=13178"},"modified":"2025-08-18T09:34:55","modified_gmt":"2025-08-18T13:34:55","slug":"delincuentes-que-asaltaron-a-menor-en-puerto-montt-quedan-libres-con-medidas-cautelares","status":"publish","type":"post","link":"https:\/\/elconquistadorredloslagos.cl\/test\/blog\/2025\/08\/18\/delincuentes-que-asaltaron-a-menor-en-puerto-montt-quedan-libres-con-medidas-cautelares\/","title":{"rendered":"Delincuentes que asaltaron a menor en Puerto Montt quedan libres con medidas cautelares"},"content":{"rendered":"\n<p>El Juzgado de Garant\u00eda de Puerto Montt resolvi\u00f3 aplicar medidas cautelares a los tres detenidos por el asalto a un adolescente en la escalera Paola Vega. <\/p>\n\n\n\n<p>El tribunal orden\u00f3 arresto domiciliario nocturno para el \u00fanico adulto involucrado, mientras que los dos adolescentes, uno de ellos extranjero, quedaron bajo la supervisi\u00f3n del Servicio Mejor Ni\u00f1ez.<\/p>\n\n\n\n<p>La decisi\u00f3n judicial no acogi\u00f3 la solicitud de la Unidad Penal Municipal (UPM), que hab\u00eda pedido prisi\u00f3n preventiva para el adulto e internaci\u00f3n provisoria para los j\u00f3venes. <\/p>\n\n\n\n<p>Ninguno de los imputados registraba antecedentes penales previos. Adem\u00e1s, se les prohibi\u00f3 acercarse a la v\u00edctima y comunicarse con ella.<\/p>\n\n\n\n<p>El alcalde de Puerto Montt, Rodrigo Wainraihgt, valor\u00f3 la acci\u00f3n municipal en el acompa\u00f1amiento del afectado y su familia, destacando la querella presentada el mismo d\u00eda de la detenci\u00f3n. <\/p>\n\n\n\n<p>El jefe comunal asegur\u00f3 que continuar\u00e1n trabajando con Carabineros y a trav\u00e9s de la UPM para evitar la impunidad. <\/p>\n\n\n\n<p>\ud83d\udcf7 (Captura de video)<\/p>\n","protected":false},"excerpt":{"rendered":"<p>El Juzgado de Garant\u00eda de Puerto Montt resolvi\u00f3 aplicar medidas cautelares a los tres detenidos por el asalto a un adolescente en la escalera Paola Vega. El tribunal orden\u00f3 arresto..<\/p>\n","protected":false},"author":2,"featured_media":13179,"comment_status":"closed","ping_status":"open","sticky":false,"template":"","format":"standard","meta":{"footnotes":""},"categories":[28],"tags":[],"class_list":["post-13178","post","type-post","status-publish","format-standard","has-post-thumbnail","hentry","category-actual"],"rttpg_featured_image_url":{"full":["https:\/\/elconquistadorredloslagos.cl\/test\/wp-content\/uploads\/2025\/08\/uesta_20250817_221326_0000.jpg",1920,1080,false],"landscape":["https:\/\/elconquistadorredloslagos.cl\/test\/wp-content\/uploads\/2025\/08\/uesta_20250817_221326_0000.jpg",1920,1080,false],"portraits":["https:\/\/elconquistadorredloslagos.cl\/test\/wp-content\/uploads\/2025\/08\/uesta_20250817_221326_0000.jpg",1920,1080,false],"thumbnail":["https:\/\/elconquistadorredloslagos.cl\/test\/wp-content\/uploads\/2025\/08\/uesta_20250817_221326_0000-150x150.jpg",150,150,true],"medium":["https:\/\/elconquistadorredloslagos.cl\/test\/wp-content\/uploads\/2025\/08\/uesta_20250817_221326_0000-300x169.jpg",300,169,true],"large":["https:\/\/elconquistadorredloslagos.cl\/test\/wp-content\/uploads\/2025\/08\/uesta_20250817_221326_0000-1024x576.jpg",1024,576,true],"1536x1536":["https:\/\/elconquistadorredloslagos.cl\/test\/wp-content\/uploads\/2025\/08\/uesta_20250817_221326_0000-1536x864.jpg",1536,864,true],"2048x2048":["https:\/\/elconquistadorredloslagos.cl\/test\/wp-content\/uploads\/2025\/08\/uesta_20250817_221326_0000.jpg",1920,1080,false]},"rttpg_author":{"display_name":"ccardenas","author_link":"https:\/\/elconquistadorredloslagos.cl\/test\/blog\/author\/ccardenas\/"},"rttpg_comment":0,"rttpg_category":"<a href=\"https:\/\/elconquistadorredloslagos.cl\/test\/blog\/category\/actual\/\" rel=\"category tag\">Actualidad<\/a>","rttpg_excerpt":"El Juzgado de Garant\u00eda de Puerto Montt resolvi\u00f3 aplicar medidas cautelares a los tres detenidos por el asalto a un adolescente en la escalera Paola Vega. El tribunal orden\u00f3 arresto..","_links":{"self":[{"href":"https:\/\/elconquistadorredloslagos.cl\/test\/wp-json\/wp\/v2\/posts\/13178","targetHints":{"allow":["GET"]}}],"collection":[{"href":"https:\/\/elconquistadorredloslagos.cl\/test\/wp-json\/wp\/v2\/posts"}],"about":[{"href":"https:\/\/elconquistadorredloslagos.cl\/test\/wp-json\/wp\/v2\/types\/post"}],"author":[{"embeddable":true,"href":"https:\/\/elconquistadorredloslagos.cl\/test\/wp-json\/wp\/v2\/users\/2"}],"replies":[{"embeddable":true,"href":"https:\/\/elconquistadorredloslagos.cl\/test\/wp-json\/wp\/v2\/comments?post=13178"}],"version-history":[{"count":1,"href":"https:\/\/elconquistadorredloslagos.cl\/test\/wp-json\/wp\/v2\/posts\/13178\/revisions"}],"predecessor-version":[{"id":13180,"href":"https:\/\/elconquistadorredloslagos.cl\/test\/wp-json\/wp\/v2\/posts\/13178\/revisions\/13180"}],"wp:featuredmedia":[{"embeddable":true,"href":"https:\/\/elconquistadorredloslagos.cl\/test\/wp-json\/wp\/v2\/media\/13179"}],"wp:attachment":[{"href":"https:\/\/elconquistadorredloslagos.cl\/test\/wp-json\/wp\/v2\/media?parent=13178"}],"wp:term":[{"taxonomy":"category","embeddable":true,"href":"https:\/\/elconquistadorredloslagos.cl\/test\/wp-json\/wp\/v2\/categories?post=13178"},{"taxonomy":"post_tag","embeddable":true,"href":"https:\/\/elconquistadorredloslagos.cl\/test\/wp-json\/wp\/v2\/tags?post=13178"}],"curies":[{"name":"wp","href":"https:\/\/api.w.org\/{rel}","templated":true}]}}