{"id":13174,"date":"2025-08-18T09:35:14","date_gmt":"2025-08-18T13:35:14","guid":{"rendered":"https:\/\/elconquistadorredloslagos.cl\/test\/?p=13174"},"modified":"2025-08-18T09:35:15","modified_gmt":"2025-08-18T13:35:15","slug":"crisis-hospitalaria-en-chiloe-impulsa-peticion-de-sesion-especial-de-la-comision-de-salud","status":"publish","type":"post","link":"https:\/\/elconquistadorredloslagos.cl\/test\/blog\/2025\/08\/18\/crisis-hospitalaria-en-chiloe-impulsa-peticion-de-sesion-especial-de-la-comision-de-salud\/","title":{"rendered":"Crisis hospitalaria en Chilo\u00e9 impulsa petici\u00f3n de sesi\u00f3n especial de la Comisi\u00f3n de Salud"},"content":{"rendered":"\n<p>La crisis hospitalaria que atraviesa Chilo\u00e9 contin\u00faa generando preocupaci\u00f3n en la comunidad. La falta de m\u00e9dicos especialistas y las reiteradas denuncias de los gremios por la sobrecarga del Hospital de Castro derivaron en un llamado a paralizaci\u00f3n que busca visibilizar lo que consideran una situaci\u00f3n insostenible para los pacientes y trabajadores de la salud.<\/p>\n\n\n\n<p>En este escenario, se ha solicitado formalmente que la Comisi\u00f3n de Salud de la C\u00e1mara de Diputadas y Diputados sesione en la provincia, con el objetivo de discutir la problem\u00e1tica directamente en el territorio afectado. <\/p>\n\n\n\n<p>La propuesta surge tras una reuni\u00f3n sostenida con el alcalde de Castro y el presidente de la comisi\u00f3n, Tom\u00e1s Lagomarsino, quienes recibieron la petici\u00f3n y analizaron posibles pasos a seguir.<\/p>\n\n\n\n<p>El legislador enfatiz\u00f3 que esperan concretar una fecha en el corto plazo, destacando que la presencia de la comisi\u00f3n en el archipi\u00e9lago ser\u00eda un gesto de respaldo hacia la ciudadan\u00eda, que por a\u00f1os ha debido enfrentar la escasez de especialistas.<\/p>\n\n\n\n<p>La medida, agreg\u00f3, busca abrir un espacio de di\u00e1logo entre autoridades, gremios y comunidad, en busca de soluciones urgentes a la crisis que golpea a la salud en Chilo\u00e9.<\/p>\n\n\n\n<p>\ud83d\udcf7 Contexto<\/p>\n\n\n\n<p><\/p>\n","protected":false},"excerpt":{"rendered":"<p>La crisis hospitalaria que atraviesa Chilo\u00e9 contin\u00faa generando preocupaci\u00f3n en la comunidad. La falta de m\u00e9dicos especialistas y las reiteradas denuncias de los gremios por la sobrecarga del Hospital de..<\/p>\n","protected":false},"author":2,"featured_media":13175,"comment_status":"closed","ping_status":"open","sticky":false,"template":"","format":"standard","meta":{"footnotes":""},"categories":[28],"tags":[],"class_list":["post-13174","post","type-post","status-publish","format-standard","has-post-thumbnail","hentry","category-actual"],"rttpg_featured_image_url":{"full":["https:\/\/elconquistadorredloslagos.cl\/test\/wp-content\/uploads\/2025\/08\/uesta_20250817_220306_0000.jpg",1920,1080,false],"landscape":["https:\/\/elconquistadorredloslagos.cl\/test\/wp-content\/uploads\/2025\/08\/uesta_20250817_220306_0000.jpg",1920,1080,false],"portraits":["https:\/\/elconquistadorredloslagos.cl\/test\/wp-content\/uploads\/2025\/08\/uesta_20250817_220306_0000.jpg",1920,1080,false],"thumbnail":["https:\/\/elconquistadorredloslagos.cl\/test\/wp-content\/uploads\/2025\/08\/uesta_20250817_220306_0000-150x150.jpg",150,150,true],"medium":["https:\/\/elconquistadorredloslagos.cl\/test\/wp-content\/uploads\/2025\/08\/uesta_20250817_220306_0000-300x169.jpg",300,169,true],"large":["https:\/\/elconquistadorredloslagos.cl\/test\/wp-content\/uploads\/2025\/08\/uesta_20250817_220306_0000-1024x576.jpg",1024,576,true],"1536x1536":["https:\/\/elconquistadorredloslagos.cl\/test\/wp-content\/uploads\/2025\/08\/uesta_20250817_220306_0000-1536x864.jpg",1536,864,true],"2048x2048":["https:\/\/elconquistadorredloslagos.cl\/test\/wp-content\/uploads\/2025\/08\/uesta_20250817_220306_0000.jpg",1920,1080,false]},"rttpg_author":{"display_name":"ccardenas","author_link":"https:\/\/elconquistadorredloslagos.cl\/test\/blog\/author\/ccardenas\/"},"rttpg_comment":0,"rttpg_category":"<a href=\"https:\/\/elconquistadorredloslagos.cl\/test\/blog\/category\/actual\/\" rel=\"category tag\">Actualidad<\/a>","rttpg_excerpt":"La crisis hospitalaria que atraviesa Chilo\u00e9 contin\u00faa generando preocupaci\u00f3n en la comunidad. La falta de m\u00e9dicos especialistas y las reiteradas denuncias de los gremios por la sobrecarga del Hospital de..","_links":{"self":[{"href":"https:\/\/elconquistadorredloslagos.cl\/test\/wp-json\/wp\/v2\/posts\/13174","targetHints":{"allow":["GET"]}}],"collection":[{"href":"https:\/\/elconquistadorredloslagos.cl\/test\/wp-json\/wp\/v2\/posts"}],"about":[{"href":"https:\/\/elconquistadorredloslagos.cl\/test\/wp-json\/wp\/v2\/types\/post"}],"author":[{"embeddable":true,"href":"https:\/\/elconquistadorredloslagos.cl\/test\/wp-json\/wp\/v2\/users\/2"}],"replies":[{"embeddable":true,"href":"https:\/\/elconquistadorredloslagos.cl\/test\/wp-json\/wp\/v2\/comments?post=13174"}],"version-history":[{"count":1,"href":"https:\/\/elconquistadorredloslagos.cl\/test\/wp-json\/wp\/v2\/posts\/13174\/revisions"}],"predecessor-version":[{"id":13176,"href":"https:\/\/elconquistadorredloslagos.cl\/test\/wp-json\/wp\/v2\/posts\/13174\/revisions\/13176"}],"wp:featuredmedia":[{"embeddable":true,"href":"https:\/\/elconquistadorredloslagos.cl\/test\/wp-json\/wp\/v2\/media\/13175"}],"wp:attachment":[{"href":"https:\/\/elconquistadorredloslagos.cl\/test\/wp-json\/wp\/v2\/media?parent=13174"}],"wp:term":[{"taxonomy":"category","embeddable":true,"href":"https:\/\/elconquistadorredloslagos.cl\/test\/wp-json\/wp\/v2\/categories?post=13174"},{"taxonomy":"post_tag","embeddable":true,"href":"https:\/\/elconquistadorredloslagos.cl\/test\/wp-json\/wp\/v2\/tags?post=13174"}],"curies":[{"name":"wp","href":"https:\/\/api.w.org\/{rel}","templated":true}]}}