{"id":13170,"date":"2025-08-15T09:50:53","date_gmt":"2025-08-15T13:50:53","guid":{"rendered":"https:\/\/elconquistadorredloslagos.cl\/test\/?p=13170"},"modified":"2025-08-15T09:50:59","modified_gmt":"2025-08-15T13:50:59","slug":"incendio-destruye-sede-deportiva-y-local-comercial-en-castro","status":"publish","type":"post","link":"https:\/\/elconquistadorredloslagos.cl\/test\/blog\/2025\/08\/15\/incendio-destruye-sede-deportiva-y-local-comercial-en-castro\/","title":{"rendered":"Incendio destruye sede deportiva y local comercial en Castro"},"content":{"rendered":"\n<p>Un voraz incendio consumi\u00f3 por completo la sede del Club Deportivo Arco Iris y el restaurante \u201cS\u00e1nguche Patito\u201d, ubicados en la intersecci\u00f3n de calles Los Carrera y Gamboa, en Castro. <\/p>\n\n\n\n<p>La emergencia se registr\u00f3 en horas de la madrugada de este viernes y moviliz\u00f3 a varias compa\u00f1\u00edas de Bomberos, que trabajaron intensamente para contener las llamas. <\/p>\n\n\n\n<p>Sin embargo, el r\u00e1pido avance del fuego impidi\u00f3 salvar las estructuras, que quedaron reducidas a escombros. Testigos se\u00f1alaron que la columna de humo era visible desde distintos puntos de la ciudad. <\/p>\n\n\n\n<p>Hasta el momento de esta publicaci\u00f3n no se reportan personas lesionadas, mientras se investigan las causas del siniestro. <\/p>\n\n\n\n<p>Noticia en desarrollo.<\/p>\n\n\n\n<figure class=\"wp-block-video\"><video height=\"1072\" style=\"aspect-ratio: 1920 \/ 1072;\" width=\"1920\" controls src=\"https:\/\/elconquistadorredloslagos.cl\/test\/wp-content\/uploads\/2025\/08\/uesta_20250815_094400_0001.mp4\"><\/video><\/figure>\n","protected":false},"excerpt":{"rendered":"<p>Un voraz incendio consumi\u00f3 por completo la sede del Club Deportivo Arco Iris y el restaurante \u201cS\u00e1nguche Patito\u201d, ubicados en la intersecci\u00f3n de calles Los Carrera y Gamboa, en Castro&#8230;<\/p>\n","protected":false},"author":2,"featured_media":13171,"comment_status":"closed","ping_status":"open","sticky":false,"template":"","format":"standard","meta":{"footnotes":""},"categories":[1,28,51],"tags":[],"class_list":["post-13170","post","type-post","status-publish","format-standard","has-post-thumbnail","hentry","category-acontecer","category-actual","category-chiloe"],"rttpg_featured_image_url":{"full":["https:\/\/elconquistadorredloslagos.cl\/test\/wp-content\/uploads\/2025\/08\/uesta_20250815_094528_0000.jpg",1920,1080,false],"landscape":["https:\/\/elconquistadorredloslagos.cl\/test\/wp-content\/uploads\/2025\/08\/uesta_20250815_094528_0000.jpg",1920,1080,false],"portraits":["https:\/\/elconquistadorredloslagos.cl\/test\/wp-content\/uploads\/2025\/08\/uesta_20250815_094528_0000.jpg",1920,1080,false],"thumbnail":["https:\/\/elconquistadorredloslagos.cl\/test\/wp-content\/uploads\/2025\/08\/uesta_20250815_094528_0000-150x150.jpg",150,150,true],"medium":["https:\/\/elconquistadorredloslagos.cl\/test\/wp-content\/uploads\/2025\/08\/uesta_20250815_094528_0000-300x169.jpg",300,169,true],"large":["https:\/\/elconquistadorredloslagos.cl\/test\/wp-content\/uploads\/2025\/08\/uesta_20250815_094528_0000-1024x576.jpg",1024,576,true],"1536x1536":["https:\/\/elconquistadorredloslagos.cl\/test\/wp-content\/uploads\/2025\/08\/uesta_20250815_094528_0000-1536x864.jpg",1536,864,true],"2048x2048":["https:\/\/elconquistadorredloslagos.cl\/test\/wp-content\/uploads\/2025\/08\/uesta_20250815_094528_0000.jpg",1920,1080,false]},"rttpg_author":{"display_name":"ccardenas","author_link":"https:\/\/elconquistadorredloslagos.cl\/test\/blog\/author\/ccardenas\/"},"rttpg_comment":0,"rttpg_category":"<a href=\"https:\/\/elconquistadorredloslagos.cl\/test\/blog\/category\/actual\/acontecer\/\" rel=\"category tag\">Acontecer<\/a> <a href=\"https:\/\/elconquistadorredloslagos.cl\/test\/blog\/category\/actual\/\" rel=\"category tag\">Actualidad<\/a> <a href=\"https:\/\/elconquistadorredloslagos.cl\/test\/blog\/category\/chile\/chiloe\/\" rel=\"category tag\">Chilo\u00e9<\/a>","rttpg_excerpt":"Un voraz incendio consumi\u00f3 por completo la sede del Club Deportivo Arco Iris y el restaurante \u201cS\u00e1nguche Patito\u201d, ubicados en la intersecci\u00f3n de calles Los Carrera y Gamboa, en Castro...","_links":{"self":[{"href":"https:\/\/elconquistadorredloslagos.cl\/test\/wp-json\/wp\/v2\/posts\/13170","targetHints":{"allow":["GET"]}}],"collection":[{"href":"https:\/\/elconquistadorredloslagos.cl\/test\/wp-json\/wp\/v2\/posts"}],"about":[{"href":"https:\/\/elconquistadorredloslagos.cl\/test\/wp-json\/wp\/v2\/types\/post"}],"author":[{"embeddable":true,"href":"https:\/\/elconquistadorredloslagos.cl\/test\/wp-json\/wp\/v2\/users\/2"}],"replies":[{"embeddable":true,"href":"https:\/\/elconquistadorredloslagos.cl\/test\/wp-json\/wp\/v2\/comments?post=13170"}],"version-history":[{"count":1,"href":"https:\/\/elconquistadorredloslagos.cl\/test\/wp-json\/wp\/v2\/posts\/13170\/revisions"}],"predecessor-version":[{"id":13173,"href":"https:\/\/elconquistadorredloslagos.cl\/test\/wp-json\/wp\/v2\/posts\/13170\/revisions\/13173"}],"wp:featuredmedia":[{"embeddable":true,"href":"https:\/\/elconquistadorredloslagos.cl\/test\/wp-json\/wp\/v2\/media\/13171"}],"wp:attachment":[{"href":"https:\/\/elconquistadorredloslagos.cl\/test\/wp-json\/wp\/v2\/media?parent=13170"}],"wp:term":[{"taxonomy":"category","embeddable":true,"href":"https:\/\/elconquistadorredloslagos.cl\/test\/wp-json\/wp\/v2\/categories?post=13170"},{"taxonomy":"post_tag","embeddable":true,"href":"https:\/\/elconquistadorredloslagos.cl\/test\/wp-json\/wp\/v2\/tags?post=13170"}],"curies":[{"name":"wp","href":"https:\/\/api.w.org\/{rel}","templated":true}]}}