{"id":13154,"date":"2025-08-14T17:05:30","date_gmt":"2025-08-14T21:05:30","guid":{"rendered":"https:\/\/elconquistadorredloslagos.cl\/test\/?p=13154"},"modified":"2025-08-14T17:05:31","modified_gmt":"2025-08-14T21:05:31","slug":"inspeccion-del-trabajo-en-ancud-refuerza-fiscalizacion-con-nuevo-vehiculo","status":"publish","type":"post","link":"https:\/\/elconquistadorredloslagos.cl\/test\/blog\/2025\/08\/14\/inspeccion-del-trabajo-en-ancud-refuerza-fiscalizacion-con-nuevo-vehiculo\/","title":{"rendered":"Inspecci\u00f3n del Trabajo en Ancud refuerza fiscalizaci\u00f3n con nuevo veh\u00edculo"},"content":{"rendered":"\n<p>La Inspecci\u00f3n Comunal del Trabajo de Ancud incorpor\u00f3 un moderno veh\u00edculo todo terreno que permitir\u00e1 fortalecer sus labores de fiscalizaci\u00f3n en Ancud y Quemchi. Se trata de una camioneta Mitsubishi Katana XRT, modelo 2025, que se suma a los nueve m\u00f3viles disponibles en la regi\u00f3n para desplazamientos en terreno.<\/p>\n\n\n\n<p>El director regional del Trabajo, Claudio Salas, destac\u00f3 la importancia de esta entrega para la eficiencia de la unidad fiscalizadora, que se enmarca en una actualizaci\u00f3n de flota a nivel nacional con 15 veh\u00edculos recientemente entregados en otras regiones, con una inversi\u00f3n de 445 millones de pesos.<\/p>\n\n\n\n<figure class=\"wp-block-audio\"><audio controls src=\"https:\/\/elconquistadorredloslagos.cl\/test\/wp-content\/uploads\/2025\/08\/CUNA-CLAUDIO-SALAS.mp3\"><\/audio><\/figure>\n\n\n\n<p>Asimismo, el dirigente sindical Juan El\u00edas Paredes valor\u00f3 igualmente la renovaci\u00f3n del m\u00f3vil.<\/p>\n\n\n\n<figure class=\"wp-block-audio\"><audio controls src=\"https:\/\/elconquistadorredloslagos.cl\/test\/wp-content\/uploads\/2025\/08\/CUNA-DIRIGENTE.mp3\"><\/audio><\/figure>\n\n\n\n<p>Similares palabras las del inspector comunal del Trabajo, Manuel Mu\u00f1oz, quien destac\u00f3 el aporte de este nuevo veh\u00edculo para mejorar el radio de acci\u00f3n de la entidad fiscalizadora.<\/p>\n\n\n\n<figure class=\"wp-block-audio\"><audio controls src=\"https:\/\/elconquistadorredloslagos.cl\/test\/wp-content\/uploads\/2025\/08\/CUNA-MANUEL-MUNOZ.mp3\"><\/audio><\/figure>\n\n\n\n<p>La Inspecci\u00f3n de Ancud concentra su labor en empresas de salmonicultura, buceo y extracci\u00f3n de choritos, principalmente en Quemchi. Entre enero de 2024 y julio de 2025 se registraron 9.020 denuncias y 9.670 fiscalizaciones, que derivaron en 4.703 sanciones con multas superiores a los 13 millones de pesos, demostrando la relevancia del trabajo de campo y la necesidad de contar con veh\u00edculos adaptados a zonas urbanas y rurales.<\/p>\n\n\n\n<p>\ud83d\udcf7 Redes sociales<\/p>\n","protected":false},"excerpt":{"rendered":"<p>La Inspecci\u00f3n Comunal del Trabajo de Ancud incorpor\u00f3 un moderno veh\u00edculo todo terreno que permitir\u00e1 fortalecer sus labores de fiscalizaci\u00f3n en Ancud y Quemchi. Se trata de una camioneta Mitsubishi..<\/p>\n","protected":false},"author":2,"featured_media":13158,"comment_status":"closed","ping_status":"open","sticky":false,"template":"","format":"standard","meta":{"footnotes":""},"categories":[1,28,51],"tags":[],"class_list":["post-13154","post","type-post","status-publish","format-standard","has-post-thumbnail","hentry","category-acontecer","category-actual","category-chiloe"],"rttpg_featured_image_url":{"full":["https:\/\/elconquistadorredloslagos.cl\/test\/wp-content\/uploads\/2025\/08\/img-42.jpg",1920,1080,false],"landscape":["https:\/\/elconquistadorredloslagos.cl\/test\/wp-content\/uploads\/2025\/08\/img-42.jpg",1920,1080,false],"portraits":["https:\/\/elconquistadorredloslagos.cl\/test\/wp-content\/uploads\/2025\/08\/img-42.jpg",1920,1080,false],"thumbnail":["https:\/\/elconquistadorredloslagos.cl\/test\/wp-content\/uploads\/2025\/08\/img-42-150x150.jpg",150,150,true],"medium":["https:\/\/elconquistadorredloslagos.cl\/test\/wp-content\/uploads\/2025\/08\/img-42-300x169.jpg",300,169,true],"large":["https:\/\/elconquistadorredloslagos.cl\/test\/wp-content\/uploads\/2025\/08\/img-42-1024x576.jpg",1024,576,true],"1536x1536":["https:\/\/elconquistadorredloslagos.cl\/test\/wp-content\/uploads\/2025\/08\/img-42-1536x864.jpg",1536,864,true],"2048x2048":["https:\/\/elconquistadorredloslagos.cl\/test\/wp-content\/uploads\/2025\/08\/img-42.jpg",1920,1080,false]},"rttpg_author":{"display_name":"ccardenas","author_link":"https:\/\/elconquistadorredloslagos.cl\/test\/blog\/author\/ccardenas\/"},"rttpg_comment":0,"rttpg_category":"<a href=\"https:\/\/elconquistadorredloslagos.cl\/test\/blog\/category\/actual\/acontecer\/\" rel=\"category tag\">Acontecer<\/a> <a href=\"https:\/\/elconquistadorredloslagos.cl\/test\/blog\/category\/actual\/\" rel=\"category tag\">Actualidad<\/a> <a href=\"https:\/\/elconquistadorredloslagos.cl\/test\/blog\/category\/chile\/chiloe\/\" rel=\"category tag\">Chilo\u00e9<\/a>","rttpg_excerpt":"La Inspecci\u00f3n Comunal del Trabajo de Ancud incorpor\u00f3 un moderno veh\u00edculo todo terreno que permitir\u00e1 fortalecer sus labores de fiscalizaci\u00f3n en Ancud y Quemchi. Se trata de una camioneta Mitsubishi..","_links":{"self":[{"href":"https:\/\/elconquistadorredloslagos.cl\/test\/wp-json\/wp\/v2\/posts\/13154","targetHints":{"allow":["GET"]}}],"collection":[{"href":"https:\/\/elconquistadorredloslagos.cl\/test\/wp-json\/wp\/v2\/posts"}],"about":[{"href":"https:\/\/elconquistadorredloslagos.cl\/test\/wp-json\/wp\/v2\/types\/post"}],"author":[{"embeddable":true,"href":"https:\/\/elconquistadorredloslagos.cl\/test\/wp-json\/wp\/v2\/users\/2"}],"replies":[{"embeddable":true,"href":"https:\/\/elconquistadorredloslagos.cl\/test\/wp-json\/wp\/v2\/comments?post=13154"}],"version-history":[{"count":1,"href":"https:\/\/elconquistadorredloslagos.cl\/test\/wp-json\/wp\/v2\/posts\/13154\/revisions"}],"predecessor-version":[{"id":13159,"href":"https:\/\/elconquistadorredloslagos.cl\/test\/wp-json\/wp\/v2\/posts\/13154\/revisions\/13159"}],"wp:featuredmedia":[{"embeddable":true,"href":"https:\/\/elconquistadorredloslagos.cl\/test\/wp-json\/wp\/v2\/media\/13158"}],"wp:attachment":[{"href":"https:\/\/elconquistadorredloslagos.cl\/test\/wp-json\/wp\/v2\/media?parent=13154"}],"wp:term":[{"taxonomy":"category","embeddable":true,"href":"https:\/\/elconquistadorredloslagos.cl\/test\/wp-json\/wp\/v2\/categories?post=13154"},{"taxonomy":"post_tag","embeddable":true,"href":"https:\/\/elconquistadorredloslagos.cl\/test\/wp-json\/wp\/v2\/tags?post=13154"}],"curies":[{"name":"wp","href":"https:\/\/api.w.org\/{rel}","templated":true}]}}