{"id":13147,"date":"2025-08-14T16:38:50","date_gmt":"2025-08-14T20:38:50","guid":{"rendered":"https:\/\/elconquistadorredloslagos.cl\/test\/?p=13147"},"modified":"2025-08-14T16:38:51","modified_gmt":"2025-08-14T20:38:51","slug":"comienza-licitacion-para-renovar-el-reten-pajaritos-en-puyehue","status":"publish","type":"post","link":"https:\/\/elconquistadorredloslagos.cl\/test\/blog\/2025\/08\/14\/comienza-licitacion-para-renovar-el-reten-pajaritos-en-puyehue\/","title":{"rendered":"Comienza licitaci\u00f3n para renovar el Ret\u00e9n Pajaritos en Puyehue"},"content":{"rendered":"\n<p>El gobierno inici\u00f3 el proceso de licitaci\u00f3n para la reposici\u00f3n del Ret\u00e9n Pajaritos, ubicado en el Complejo Fronterizo Cardenal Antonio Samor\u00e9 en Puyehue. La convocatoria, publicada este martes 12 de agosto, invita a empresas constructoras a postular para ejecutar las obras que modernizar\u00e1n la unidad policial fronteriza.<\/p>\n\n\n\n<p>Claudia Pailalef, delegada presidencial provincial de Osorno, destac\u00f3 que el proyecto surge de un trabajo multisectorial, orientado a entregar infraestructura moderna tanto para el personal policial como para sus familias. La intervenci\u00f3n forma parte de los esfuerzos de modernizaci\u00f3n del complejo fronterizo, que busca mejorar la seguridad y las condiciones laborales en la zona.<\/p>\n\n\n\n<p>El proceso de postulaci\u00f3n para la \u201cReposici\u00f3n Tenencia Pajaritos en el Complejo Fronterizo Cardenal Samor\u00e9\u201d permanecer\u00e1 abierto en el portal Mercado P\u00fablico hasta el 1 de octubre de 2025, fecha l\u00edmite para que las constructoras presenten sus propuestas.<\/p>\n\n\n\n<p>\ud83d\udcf7 Referencial<\/p>\n","protected":false},"excerpt":{"rendered":"<p>El gobierno inici\u00f3 el proceso de licitaci\u00f3n para la reposici\u00f3n del Ret\u00e9n Pajaritos, ubicado en el Complejo Fronterizo Cardenal Antonio Samor\u00e9 en Puyehue. La convocatoria, publicada este martes 12 de..<\/p>\n","protected":false},"author":2,"featured_media":13148,"comment_status":"closed","ping_status":"open","sticky":false,"template":"","format":"standard","meta":{"footnotes":""},"categories":[1,28,55],"tags":[],"class_list":["post-13147","post","type-post","status-publish","format-standard","has-post-thumbnail","hentry","category-acontecer","category-actual","category-osorno"],"rttpg_featured_image_url":{"full":["https:\/\/elconquistadorredloslagos.cl\/test\/wp-content\/uploads\/2025\/08\/img-40.jpg",1920,1080,false],"landscape":["https:\/\/elconquistadorredloslagos.cl\/test\/wp-content\/uploads\/2025\/08\/img-40.jpg",1920,1080,false],"portraits":["https:\/\/elconquistadorredloslagos.cl\/test\/wp-content\/uploads\/2025\/08\/img-40.jpg",1920,1080,false],"thumbnail":["https:\/\/elconquistadorredloslagos.cl\/test\/wp-content\/uploads\/2025\/08\/img-40-150x150.jpg",150,150,true],"medium":["https:\/\/elconquistadorredloslagos.cl\/test\/wp-content\/uploads\/2025\/08\/img-40-300x169.jpg",300,169,true],"large":["https:\/\/elconquistadorredloslagos.cl\/test\/wp-content\/uploads\/2025\/08\/img-40-1024x576.jpg",1024,576,true],"1536x1536":["https:\/\/elconquistadorredloslagos.cl\/test\/wp-content\/uploads\/2025\/08\/img-40-1536x864.jpg",1536,864,true],"2048x2048":["https:\/\/elconquistadorredloslagos.cl\/test\/wp-content\/uploads\/2025\/08\/img-40.jpg",1920,1080,false]},"rttpg_author":{"display_name":"ccardenas","author_link":"https:\/\/elconquistadorredloslagos.cl\/test\/blog\/author\/ccardenas\/"},"rttpg_comment":0,"rttpg_category":"<a href=\"https:\/\/elconquistadorredloslagos.cl\/test\/blog\/category\/actual\/acontecer\/\" rel=\"category tag\">Acontecer<\/a> <a href=\"https:\/\/elconquistadorredloslagos.cl\/test\/blog\/category\/actual\/\" rel=\"category tag\">Actualidad<\/a> <a href=\"https:\/\/elconquistadorredloslagos.cl\/test\/blog\/category\/chile\/osorno\/\" rel=\"category tag\">Osorno<\/a>","rttpg_excerpt":"El gobierno inici\u00f3 el proceso de licitaci\u00f3n para la reposici\u00f3n del Ret\u00e9n Pajaritos, ubicado en el Complejo Fronterizo Cardenal Antonio Samor\u00e9 en Puyehue. La convocatoria, publicada este martes 12 de..","_links":{"self":[{"href":"https:\/\/elconquistadorredloslagos.cl\/test\/wp-json\/wp\/v2\/posts\/13147","targetHints":{"allow":["GET"]}}],"collection":[{"href":"https:\/\/elconquistadorredloslagos.cl\/test\/wp-json\/wp\/v2\/posts"}],"about":[{"href":"https:\/\/elconquistadorredloslagos.cl\/test\/wp-json\/wp\/v2\/types\/post"}],"author":[{"embeddable":true,"href":"https:\/\/elconquistadorredloslagos.cl\/test\/wp-json\/wp\/v2\/users\/2"}],"replies":[{"embeddable":true,"href":"https:\/\/elconquistadorredloslagos.cl\/test\/wp-json\/wp\/v2\/comments?post=13147"}],"version-history":[{"count":1,"href":"https:\/\/elconquistadorredloslagos.cl\/test\/wp-json\/wp\/v2\/posts\/13147\/revisions"}],"predecessor-version":[{"id":13149,"href":"https:\/\/elconquistadorredloslagos.cl\/test\/wp-json\/wp\/v2\/posts\/13147\/revisions\/13149"}],"wp:featuredmedia":[{"embeddable":true,"href":"https:\/\/elconquistadorredloslagos.cl\/test\/wp-json\/wp\/v2\/media\/13148"}],"wp:attachment":[{"href":"https:\/\/elconquistadorredloslagos.cl\/test\/wp-json\/wp\/v2\/media?parent=13147"}],"wp:term":[{"taxonomy":"category","embeddable":true,"href":"https:\/\/elconquistadorredloslagos.cl\/test\/wp-json\/wp\/v2\/categories?post=13147"},{"taxonomy":"post_tag","embeddable":true,"href":"https:\/\/elconquistadorredloslagos.cl\/test\/wp-json\/wp\/v2\/tags?post=13147"}],"curies":[{"name":"wp","href":"https:\/\/api.w.org\/{rel}","templated":true}]}}