{"id":13144,"date":"2025-08-14T16:31:41","date_gmt":"2025-08-14T20:31:41","guid":{"rendered":"https:\/\/elconquistadorredloslagos.cl\/test\/?p=13144"},"modified":"2025-08-14T16:31:41","modified_gmt":"2025-08-14T20:31:41","slug":"nuevo-sistema-de-transporte-publico-en-osorno-se-abre-proceso-de-licitacion-con-buses-electricos","status":"publish","type":"post","link":"https:\/\/elconquistadorredloslagos.cl\/test\/blog\/2025\/08\/14\/nuevo-sistema-de-transporte-publico-en-osorno-se-abre-proceso-de-licitacion-con-buses-electricos\/","title":{"rendered":"Nuevo sistema de transporte p\u00fablico en Osorno: se abre proceso de licitaci\u00f3n con buses el\u00e9ctricos"},"content":{"rendered":"\n<p>El Ministerio de Transportes y Telecomunicaciones abri\u00f3 oficialmente la licitaci\u00f3n para renovar el sistema de transporte p\u00fablico mayor de Osorno, tras la toma de raz\u00f3n de la Contralor\u00eda a los decretos que aprobaron las bases del concurso. La iniciativa marcar\u00e1 un hito en la comuna al incorporar, por primera vez, buses el\u00e9ctricos.<\/p>\n\n\n\n<p>Seg\u00fan el ministro Juan Carlos Mu\u00f1oz, el proyecto contempla m\u00e1s de 100 buses el\u00e9ctricos y 50 di\u00e9sel, ofreciendo veh\u00edculos m\u00e1s c\u00f3modos, eficientes y sostenibles. De cumplirse los plazos, la nueva flota comenzar\u00eda a operar en el segundo semestre de 2026.<\/p>\n\n\n\n<p>El valor del pasaje se mantendr\u00e1 sin cambios iniciales y cualquier ajuste futuro ser\u00e1 definido por un panel de expertos independientes, garantizando transparencia para los usuarios.<\/p>\n\n\n\n<p>El plan se implementar\u00e1 de manera gradual, permitiendo que los actuales operadores puedan sumarse al proceso de modernizaci\u00f3n en igualdad de condiciones. Con ello, el Gobierno busca asegurar una transici\u00f3n ordenada, inclusiva y beneficiosa para toda la comunidad de Osorno.<\/p>\n\n\n\n<p>\ud83d\udcf7 Referencial<\/p>\n","protected":false},"excerpt":{"rendered":"<p>El Ministerio de Transportes y Telecomunicaciones abri\u00f3 oficialmente la licitaci\u00f3n para renovar el sistema de transporte p\u00fablico mayor de Osorno, tras la toma de raz\u00f3n de la Contralor\u00eda a los..<\/p>\n","protected":false},"author":2,"featured_media":13145,"comment_status":"closed","ping_status":"open","sticky":false,"template":"","format":"standard","meta":{"footnotes":""},"categories":[1,28,55,27],"tags":[],"class_list":["post-13144","post","type-post","status-publish","format-standard","has-post-thumbnail","hentry","category-acontecer","category-actual","category-osorno","category-tecnologia"],"rttpg_featured_image_url":{"full":["https:\/\/elconquistadorredloslagos.cl\/test\/wp-content\/uploads\/2025\/08\/img-39.jpg",1920,1080,false],"landscape":["https:\/\/elconquistadorredloslagos.cl\/test\/wp-content\/uploads\/2025\/08\/img-39.jpg",1920,1080,false],"portraits":["https:\/\/elconquistadorredloslagos.cl\/test\/wp-content\/uploads\/2025\/08\/img-39.jpg",1920,1080,false],"thumbnail":["https:\/\/elconquistadorredloslagos.cl\/test\/wp-content\/uploads\/2025\/08\/img-39-150x150.jpg",150,150,true],"medium":["https:\/\/elconquistadorredloslagos.cl\/test\/wp-content\/uploads\/2025\/08\/img-39-300x169.jpg",300,169,true],"large":["https:\/\/elconquistadorredloslagos.cl\/test\/wp-content\/uploads\/2025\/08\/img-39-1024x576.jpg",1024,576,true],"1536x1536":["https:\/\/elconquistadorredloslagos.cl\/test\/wp-content\/uploads\/2025\/08\/img-39-1536x864.jpg",1536,864,true],"2048x2048":["https:\/\/elconquistadorredloslagos.cl\/test\/wp-content\/uploads\/2025\/08\/img-39.jpg",1920,1080,false]},"rttpg_author":{"display_name":"ccardenas","author_link":"https:\/\/elconquistadorredloslagos.cl\/test\/blog\/author\/ccardenas\/"},"rttpg_comment":0,"rttpg_category":"<a href=\"https:\/\/elconquistadorredloslagos.cl\/test\/blog\/category\/actual\/acontecer\/\" rel=\"category tag\">Acontecer<\/a> <a href=\"https:\/\/elconquistadorredloslagos.cl\/test\/blog\/category\/actual\/\" rel=\"category tag\">Actualidad<\/a> <a href=\"https:\/\/elconquistadorredloslagos.cl\/test\/blog\/category\/chile\/osorno\/\" rel=\"category tag\">Osorno<\/a> <a href=\"https:\/\/elconquistadorredloslagos.cl\/test\/blog\/category\/actual\/tecnologia\/\" rel=\"category tag\">Tecnologias<\/a>","rttpg_excerpt":"El Ministerio de Transportes y Telecomunicaciones abri\u00f3 oficialmente la licitaci\u00f3n para renovar el sistema de transporte p\u00fablico mayor de Osorno, tras la toma de raz\u00f3n de la Contralor\u00eda a los..","_links":{"self":[{"href":"https:\/\/elconquistadorredloslagos.cl\/test\/wp-json\/wp\/v2\/posts\/13144","targetHints":{"allow":["GET"]}}],"collection":[{"href":"https:\/\/elconquistadorredloslagos.cl\/test\/wp-json\/wp\/v2\/posts"}],"about":[{"href":"https:\/\/elconquistadorredloslagos.cl\/test\/wp-json\/wp\/v2\/types\/post"}],"author":[{"embeddable":true,"href":"https:\/\/elconquistadorredloslagos.cl\/test\/wp-json\/wp\/v2\/users\/2"}],"replies":[{"embeddable":true,"href":"https:\/\/elconquistadorredloslagos.cl\/test\/wp-json\/wp\/v2\/comments?post=13144"}],"version-history":[{"count":1,"href":"https:\/\/elconquistadorredloslagos.cl\/test\/wp-json\/wp\/v2\/posts\/13144\/revisions"}],"predecessor-version":[{"id":13146,"href":"https:\/\/elconquistadorredloslagos.cl\/test\/wp-json\/wp\/v2\/posts\/13144\/revisions\/13146"}],"wp:featuredmedia":[{"embeddable":true,"href":"https:\/\/elconquistadorredloslagos.cl\/test\/wp-json\/wp\/v2\/media\/13145"}],"wp:attachment":[{"href":"https:\/\/elconquistadorredloslagos.cl\/test\/wp-json\/wp\/v2\/media?parent=13144"}],"wp:term":[{"taxonomy":"category","embeddable":true,"href":"https:\/\/elconquistadorredloslagos.cl\/test\/wp-json\/wp\/v2\/categories?post=13144"},{"taxonomy":"post_tag","embeddable":true,"href":"https:\/\/elconquistadorredloslagos.cl\/test\/wp-json\/wp\/v2\/tags?post=13144"}],"curies":[{"name":"wp","href":"https:\/\/api.w.org\/{rel}","templated":true}]}}