{"id":13141,"date":"2025-08-14T16:21:16","date_gmt":"2025-08-14T20:21:16","guid":{"rendered":"https:\/\/elconquistadorredloslagos.cl\/test\/?p=13141"},"modified":"2025-08-14T16:21:17","modified_gmt":"2025-08-14T20:21:17","slug":"inversion-millonaria-permitira-construir-nuevo-complejo-fronterizo-cardenal-samore","status":"publish","type":"post","link":"https:\/\/elconquistadorredloslagos.cl\/test\/blog\/2025\/08\/14\/inversion-millonaria-permitira-construir-nuevo-complejo-fronterizo-cardenal-samore\/","title":{"rendered":"Inversi\u00f3n millonaria permitir\u00e1 construir nuevo complejo fronterizo Cardenal Samor\u00e9"},"content":{"rendered":"\n<p>El complejo fronterizo Cardenal Samor\u00e9, en la regi\u00f3n de Los Lagos, ser\u00e1 completamente renovado gracias a una inversi\u00f3n cercana a los 100 millones de d\u00f3lares. La noticia fue confirmada durante una reuni\u00f3n binacional en la que la Unidad de Pasos Fronterizos present\u00f3 los avances del proyecto, considerado el segundo paso internacional m\u00e1s importante del pa\u00eds.<\/p>\n\n\n\n<p>Actualmente, se ejecuta el Plan Maestro de reposici\u00f3n, que contempla siete iniciativas simult\u00e1neas. La delegada presidencial de Osorno, Claudia Pailalef, detall\u00f3 que el 95% de este plan ya est\u00e1 en marcha y que tres de las propuestas cuentan con resoluci\u00f3n favorable, lo que permitir\u00e1 agilizar las obras.<\/p>\n\n\n\n<p>En la cita participaron el embajador de Chile en Argentina, Jos\u00e9 Antonio Viera-Gallo, junto a autoridades del Ministerio del Interior, Seguridad y Relaciones Exteriores del pa\u00eds vecino, adem\u00e1s de representantes de los servicios contralores de frontera. La modernizaci\u00f3n del complejo busca optimizar el flujo de personas y mercanc\u00edas, reforzar la seguridad y mejorar la infraestructura para enfrentar el creciente tr\u00e1nsito en la zona cordillerana.<\/p>\n\n\n\n<p>\ud83d\udcf7 Redes sociales<\/p>\n","protected":false},"excerpt":{"rendered":"<p>El complejo fronterizo Cardenal Samor\u00e9, en la regi\u00f3n de Los Lagos, ser\u00e1 completamente renovado gracias a una inversi\u00f3n cercana a los 100 millones de d\u00f3lares. La noticia fue confirmada durante..<\/p>\n","protected":false},"author":2,"featured_media":13142,"comment_status":"closed","ping_status":"open","sticky":false,"template":"","format":"standard","meta":{"footnotes":""},"categories":[1,28,55],"tags":[],"class_list":["post-13141","post","type-post","status-publish","format-standard","has-post-thumbnail","hentry","category-acontecer","category-actual","category-osorno"],"rttpg_featured_image_url":{"full":["https:\/\/elconquistadorredloslagos.cl\/test\/wp-content\/uploads\/2025\/08\/img-38.jpg",1920,1080,false],"landscape":["https:\/\/elconquistadorredloslagos.cl\/test\/wp-content\/uploads\/2025\/08\/img-38.jpg",1920,1080,false],"portraits":["https:\/\/elconquistadorredloslagos.cl\/test\/wp-content\/uploads\/2025\/08\/img-38.jpg",1920,1080,false],"thumbnail":["https:\/\/elconquistadorredloslagos.cl\/test\/wp-content\/uploads\/2025\/08\/img-38-150x150.jpg",150,150,true],"medium":["https:\/\/elconquistadorredloslagos.cl\/test\/wp-content\/uploads\/2025\/08\/img-38-300x169.jpg",300,169,true],"large":["https:\/\/elconquistadorredloslagos.cl\/test\/wp-content\/uploads\/2025\/08\/img-38-1024x576.jpg",1024,576,true],"1536x1536":["https:\/\/elconquistadorredloslagos.cl\/test\/wp-content\/uploads\/2025\/08\/img-38-1536x864.jpg",1536,864,true],"2048x2048":["https:\/\/elconquistadorredloslagos.cl\/test\/wp-content\/uploads\/2025\/08\/img-38.jpg",1920,1080,false]},"rttpg_author":{"display_name":"ccardenas","author_link":"https:\/\/elconquistadorredloslagos.cl\/test\/blog\/author\/ccardenas\/"},"rttpg_comment":0,"rttpg_category":"<a href=\"https:\/\/elconquistadorredloslagos.cl\/test\/blog\/category\/actual\/acontecer\/\" rel=\"category tag\">Acontecer<\/a> <a href=\"https:\/\/elconquistadorredloslagos.cl\/test\/blog\/category\/actual\/\" rel=\"category tag\">Actualidad<\/a> <a href=\"https:\/\/elconquistadorredloslagos.cl\/test\/blog\/category\/chile\/osorno\/\" rel=\"category tag\">Osorno<\/a>","rttpg_excerpt":"El complejo fronterizo Cardenal Samor\u00e9, en la regi\u00f3n de Los Lagos, ser\u00e1 completamente renovado gracias a una inversi\u00f3n cercana a los 100 millones de d\u00f3lares. La noticia fue confirmada durante..","_links":{"self":[{"href":"https:\/\/elconquistadorredloslagos.cl\/test\/wp-json\/wp\/v2\/posts\/13141","targetHints":{"allow":["GET"]}}],"collection":[{"href":"https:\/\/elconquistadorredloslagos.cl\/test\/wp-json\/wp\/v2\/posts"}],"about":[{"href":"https:\/\/elconquistadorredloslagos.cl\/test\/wp-json\/wp\/v2\/types\/post"}],"author":[{"embeddable":true,"href":"https:\/\/elconquistadorredloslagos.cl\/test\/wp-json\/wp\/v2\/users\/2"}],"replies":[{"embeddable":true,"href":"https:\/\/elconquistadorredloslagos.cl\/test\/wp-json\/wp\/v2\/comments?post=13141"}],"version-history":[{"count":1,"href":"https:\/\/elconquistadorredloslagos.cl\/test\/wp-json\/wp\/v2\/posts\/13141\/revisions"}],"predecessor-version":[{"id":13143,"href":"https:\/\/elconquistadorredloslagos.cl\/test\/wp-json\/wp\/v2\/posts\/13141\/revisions\/13143"}],"wp:featuredmedia":[{"embeddable":true,"href":"https:\/\/elconquistadorredloslagos.cl\/test\/wp-json\/wp\/v2\/media\/13142"}],"wp:attachment":[{"href":"https:\/\/elconquistadorredloslagos.cl\/test\/wp-json\/wp\/v2\/media?parent=13141"}],"wp:term":[{"taxonomy":"category","embeddable":true,"href":"https:\/\/elconquistadorredloslagos.cl\/test\/wp-json\/wp\/v2\/categories?post=13141"},{"taxonomy":"post_tag","embeddable":true,"href":"https:\/\/elconquistadorredloslagos.cl\/test\/wp-json\/wp\/v2\/tags?post=13141"}],"curies":[{"name":"wp","href":"https:\/\/api.w.org\/{rel}","templated":true}]}}