{"id":13138,"date":"2025-08-14T16:17:19","date_gmt":"2025-08-14T20:17:19","guid":{"rendered":"https:\/\/elconquistadorredloslagos.cl\/test\/?p=13138"},"modified":"2025-08-14T16:17:20","modified_gmt":"2025-08-14T20:17:20","slug":"arranca-en-los-lagos-la-consulta-indigena-con-reuniones-en-ancud-fresia-y-osorno","status":"publish","type":"post","link":"https:\/\/elconquistadorredloslagos.cl\/test\/blog\/2025\/08\/14\/arranca-en-los-lagos-la-consulta-indigena-con-reuniones-en-ancud-fresia-y-osorno\/","title":{"rendered":"Arranca en Los Lagos la consulta ind\u00edgena con reuniones en Ancud, Fresia y Osorno"},"content":{"rendered":"\n<p>La regi\u00f3n de Los Lagos dio inicio este mi\u00e9rcoles a la consulta ind\u00edgena, con encuentros en Ancud, Fresia y Osorno, proceso que tambi\u00e9n se desarrolla en B\u00edo B\u00edo, La Araucan\u00eda y Los R\u00edos. La iniciativa busca perfeccionar el sistema de reparaci\u00f3n de tierras, incorporando nuevas f\u00f3rmulas y contratos que trasciendan la mera tenencia de predios mapuche.<\/p>\n\n\n\n<p>En Fresia participaron 51 personas, en Ancud 37 y en Osorno 31. Aunque algunos asistentes valoraron la instancia, otros, como Santos Gonz\u00e1lez Nahuelp\u00e1n, representante huilliche de Chepu, cuestionaron la falta de informaci\u00f3n. La delegada presidencial regional, Paulina Mu\u00f1oz, defendi\u00f3 el proceso y se\u00f1al\u00f3 que las cr\u00edticas forman parte del di\u00e1logo.<\/p>\n\n\n\n<p>La consulta contempla cinco fases: planificaci\u00f3n, informaci\u00f3n, deliberaci\u00f3n interna, di\u00e1logo y sistematizaci\u00f3n. La jornada inaugural estuvo centrada en definir roles, metodolog\u00eda, lugares y mecanismos de registro.<\/p>\n\n\n\n<p>Para este jueves, la agenda contempla reuniones en Dalcahue, Quemchi, Puerto Varas, Llanquihue, Frutillar y San Juan de la Costa Sur, avanzando hacia la meta de elaborar una norma especial para el pueblo mapuche.<\/p>\n\n\n\n<p>\ud83d\udcf7 Redes sociales<\/p>\n","protected":false},"excerpt":{"rendered":"<p>La regi\u00f3n de Los Lagos dio inicio este mi\u00e9rcoles a la consulta ind\u00edgena, con encuentros en Ancud, Fresia y Osorno, proceso que tambi\u00e9n se desarrolla en B\u00edo B\u00edo, La Araucan\u00eda..<\/p>\n","protected":false},"author":2,"featured_media":13139,"comment_status":"closed","ping_status":"open","sticky":false,"template":"","format":"standard","meta":{"footnotes":""},"categories":[1,28,51,54,55,56],"tags":[],"class_list":["post-13138","post","type-post","status-publish","format-standard","has-post-thumbnail","hentry","category-acontecer","category-actual","category-chiloe","category-lago-llanquihue","category-osorno","category-puerto-montt"],"rttpg_featured_image_url":{"full":["https:\/\/elconquistadorredloslagos.cl\/test\/wp-content\/uploads\/2025\/08\/img-37.jpg",1920,1080,false],"landscape":["https:\/\/elconquistadorredloslagos.cl\/test\/wp-content\/uploads\/2025\/08\/img-37.jpg",1920,1080,false],"portraits":["https:\/\/elconquistadorredloslagos.cl\/test\/wp-content\/uploads\/2025\/08\/img-37.jpg",1920,1080,false],"thumbnail":["https:\/\/elconquistadorredloslagos.cl\/test\/wp-content\/uploads\/2025\/08\/img-37-150x150.jpg",150,150,true],"medium":["https:\/\/elconquistadorredloslagos.cl\/test\/wp-content\/uploads\/2025\/08\/img-37-300x169.jpg",300,169,true],"large":["https:\/\/elconquistadorredloslagos.cl\/test\/wp-content\/uploads\/2025\/08\/img-37-1024x576.jpg",1024,576,true],"1536x1536":["https:\/\/elconquistadorredloslagos.cl\/test\/wp-content\/uploads\/2025\/08\/img-37-1536x864.jpg",1536,864,true],"2048x2048":["https:\/\/elconquistadorredloslagos.cl\/test\/wp-content\/uploads\/2025\/08\/img-37.jpg",1920,1080,false]},"rttpg_author":{"display_name":"ccardenas","author_link":"https:\/\/elconquistadorredloslagos.cl\/test\/blog\/author\/ccardenas\/"},"rttpg_comment":0,"rttpg_category":"<a href=\"https:\/\/elconquistadorredloslagos.cl\/test\/blog\/category\/actual\/acontecer\/\" rel=\"category tag\">Acontecer<\/a> <a href=\"https:\/\/elconquistadorredloslagos.cl\/test\/blog\/category\/actual\/\" rel=\"category tag\">Actualidad<\/a> <a href=\"https:\/\/elconquistadorredloslagos.cl\/test\/blog\/category\/chile\/chiloe\/\" rel=\"category tag\">Chilo\u00e9<\/a> <a href=\"https:\/\/elconquistadorredloslagos.cl\/test\/blog\/category\/chile\/lago-llanquihue\/\" rel=\"category tag\">Lago LLanquihue<\/a> <a href=\"https:\/\/elconquistadorredloslagos.cl\/test\/blog\/category\/chile\/osorno\/\" rel=\"category tag\">Osorno<\/a> <a href=\"https:\/\/elconquistadorredloslagos.cl\/test\/blog\/category\/chile\/puerto-montt\/\" rel=\"category tag\">Puerto Montt<\/a>","rttpg_excerpt":"La regi\u00f3n de Los Lagos dio inicio este mi\u00e9rcoles a la consulta ind\u00edgena, con encuentros en Ancud, Fresia y Osorno, proceso que tambi\u00e9n se desarrolla en B\u00edo B\u00edo, La Araucan\u00eda..","_links":{"self":[{"href":"https:\/\/elconquistadorredloslagos.cl\/test\/wp-json\/wp\/v2\/posts\/13138","targetHints":{"allow":["GET"]}}],"collection":[{"href":"https:\/\/elconquistadorredloslagos.cl\/test\/wp-json\/wp\/v2\/posts"}],"about":[{"href":"https:\/\/elconquistadorredloslagos.cl\/test\/wp-json\/wp\/v2\/types\/post"}],"author":[{"embeddable":true,"href":"https:\/\/elconquistadorredloslagos.cl\/test\/wp-json\/wp\/v2\/users\/2"}],"replies":[{"embeddable":true,"href":"https:\/\/elconquistadorredloslagos.cl\/test\/wp-json\/wp\/v2\/comments?post=13138"}],"version-history":[{"count":1,"href":"https:\/\/elconquistadorredloslagos.cl\/test\/wp-json\/wp\/v2\/posts\/13138\/revisions"}],"predecessor-version":[{"id":13140,"href":"https:\/\/elconquistadorredloslagos.cl\/test\/wp-json\/wp\/v2\/posts\/13138\/revisions\/13140"}],"wp:featuredmedia":[{"embeddable":true,"href":"https:\/\/elconquistadorredloslagos.cl\/test\/wp-json\/wp\/v2\/media\/13139"}],"wp:attachment":[{"href":"https:\/\/elconquistadorredloslagos.cl\/test\/wp-json\/wp\/v2\/media?parent=13138"}],"wp:term":[{"taxonomy":"category","embeddable":true,"href":"https:\/\/elconquistadorredloslagos.cl\/test\/wp-json\/wp\/v2\/categories?post=13138"},{"taxonomy":"post_tag","embeddable":true,"href":"https:\/\/elconquistadorredloslagos.cl\/test\/wp-json\/wp\/v2\/tags?post=13138"}],"curies":[{"name":"wp","href":"https:\/\/api.w.org\/{rel}","templated":true}]}}