{"id":13130,"date":"2025-08-14T14:27:38","date_gmt":"2025-08-14T18:27:38","guid":{"rendered":"https:\/\/elconquistadorredloslagos.cl\/test\/?p=13130"},"modified":"2025-08-14T14:27:39","modified_gmt":"2025-08-14T18:27:39","slug":"queilen-inaugura-historico-sistema-de-iluminacion-fotovoltaica-en-isla-acuy","status":"publish","type":"post","link":"https:\/\/elconquistadorredloslagos.cl\/test\/blog\/2025\/08\/14\/queilen-inaugura-historico-sistema-de-iluminacion-fotovoltaica-en-isla-acuy\/","title":{"rendered":"Queilen inaugura hist\u00f3rico sistema de iluminaci\u00f3n fotovoltaica en Isla Acuy"},"content":{"rendered":"\n<p>La comunidad de Isla Acuy, en la comuna de Queilen, vive un cambio hist\u00f3rico que marca un antes y un despu\u00e9s para sus 30 familias. Gracias a la instalaci\u00f3n de 65 postes de iluminaci\u00f3n fotovoltaica a lo largo del borde costero, los vecinos cuentan por primera vez con alumbrado p\u00fablico en el sector.<\/p>\n\n\n\n<p>El proyecto, impulsado por la Municipalidad de Queilen en conjunto con la Subsecretar\u00eda de Desarrollo Regional (SUBDERE), signific\u00f3 una inversi\u00f3n de $154 millones de pesos y representa un avance significativo en infraestructura, sostenibilidad y acceso a energ\u00edas renovables para comunidades aisladas.<\/p>\n\n\n\n<p>\ud83c\udfa5 El alcalde de Queilen, Marcos Vargas Oyarz\u00fan, destac\u00f3 el impacto de esta iniciativa:<\/p>\n\n\n\n<figure class=\"wp-block-video\"><video height=\"1080\" style=\"aspect-ratio: 1920 \/ 1080;\" width=\"1920\" controls src=\"https:\/\/elconquistadorredloslagos.cl\/test\/wp-content\/uploads\/2025\/08\/uesta.mp4\"><\/video><\/figure>\n\n\n\n<p>El presidente de la Junta de Vecinos de Acuy, Ricardo Teiguel, expres\u00f3 la satisfacci\u00f3n de la comunidad: \u201cEs un proyecto anhelado por toda nuestra gente. Tener alumbrado p\u00fablico era un sue\u00f1o, y ahora ese sue\u00f1o se ha hecho realidad. Agradecemos todo el esfuerzo y la dedicaci\u00f3n de la municipalidad; este avance ha sido fundamental para nosotros\u201d.<\/p>\n\n\n\n<p><strong>Energ\u00eda limpia para comunidades remotas<\/strong><\/p>\n\n\n\n<p>La implementaci\u00f3n de este sistema no solo mejora la seguridad y la calidad de vida de los habitantes, sino que tambi\u00e9n contribuye a la protecci\u00f3n del medio ambiente y la autonom\u00eda energ\u00e9tica. En zonas remotas de Chile, donde el acceso a la energ\u00eda es limitado, este tipo de proyectos fotovoltaicos representan una soluci\u00f3n eficiente, sostenible y replicable.<\/p>\n\n\n\n<p>La inauguraci\u00f3n oficial se realizar\u00e1 en las pr\u00f3ximas semanas, con la participaci\u00f3n de autoridades y vecinos, en una jornada que promete ser un hito para la historia de Isla Acuy.<\/p>\n\n\n\n<figure class=\"wp-block-gallery has-nested-images columns-default is-cropped wp-block-gallery-1 is-layout-flex wp-block-gallery-is-layout-flex\">\n<figure class=\"wp-block-image size-large\"><img loading=\"lazy\" decoding=\"async\" width=\"1024\" height=\"576\" data-id=\"13132\" src=\"https:\/\/elconquistadorredloslagos.cl\/test\/wp-content\/uploads\/2025\/08\/Sin-titulo-1-1024x576.jpg\" alt=\"\" class=\"wp-image-13132\" \/><\/figure>\n<\/figure>\n","protected":false},"excerpt":{"rendered":"<p>La comunidad de Isla Acuy, en la comuna de Queilen, vive un cambio hist\u00f3rico que marca un antes y un despu\u00e9s para sus 30 familias. Gracias a la instalaci\u00f3n de..<\/p>\n","protected":false},"author":2,"featured_media":13133,"comment_status":"closed","ping_status":"open","sticky":false,"template":"","format":"standard","meta":{"footnotes":""},"categories":[1,28,51,29],"tags":[],"class_list":["post-13130","post","type-post","status-publish","format-standard","has-post-thumbnail","hentry","category-acontecer","category-actual","category-chiloe","category-turismo"],"rttpg_featured_image_url":{"full":["https:\/\/elconquistadorredloslagos.cl\/test\/wp-content\/uploads\/2025\/08\/img-35.jpg",1920,1080,false],"landscape":["https:\/\/elconquistadorredloslagos.cl\/test\/wp-content\/uploads\/2025\/08\/img-35.jpg",1920,1080,false],"portraits":["https:\/\/elconquistadorredloslagos.cl\/test\/wp-content\/uploads\/2025\/08\/img-35.jpg",1920,1080,false],"thumbnail":["https:\/\/elconquistadorredloslagos.cl\/test\/wp-content\/uploads\/2025\/08\/img-35-150x150.jpg",150,150,true],"medium":["https:\/\/elconquistadorredloslagos.cl\/test\/wp-content\/uploads\/2025\/08\/img-35-300x169.jpg",300,169,true],"large":["https:\/\/elconquistadorredloslagos.cl\/test\/wp-content\/uploads\/2025\/08\/img-35-1024x576.jpg",1024,576,true],"1536x1536":["https:\/\/elconquistadorredloslagos.cl\/test\/wp-content\/uploads\/2025\/08\/img-35-1536x864.jpg",1536,864,true],"2048x2048":["https:\/\/elconquistadorredloslagos.cl\/test\/wp-content\/uploads\/2025\/08\/img-35.jpg",1920,1080,false]},"rttpg_author":{"display_name":"ccardenas","author_link":"https:\/\/elconquistadorredloslagos.cl\/test\/blog\/author\/ccardenas\/"},"rttpg_comment":0,"rttpg_category":"<a href=\"https:\/\/elconquistadorredloslagos.cl\/test\/blog\/category\/actual\/acontecer\/\" rel=\"category tag\">Acontecer<\/a> <a href=\"https:\/\/elconquistadorredloslagos.cl\/test\/blog\/category\/actual\/\" rel=\"category tag\">Actualidad<\/a> <a href=\"https:\/\/elconquistadorredloslagos.cl\/test\/blog\/category\/chile\/chiloe\/\" rel=\"category tag\">Chilo\u00e9<\/a> <a href=\"https:\/\/elconquistadorredloslagos.cl\/test\/blog\/category\/actual\/turismo\/\" rel=\"category tag\">Turismo<\/a>","rttpg_excerpt":"La comunidad de Isla Acuy, en la comuna de Queilen, vive un cambio hist\u00f3rico que marca un antes y un despu\u00e9s para sus 30 familias. Gracias a la instalaci\u00f3n de..","_links":{"self":[{"href":"https:\/\/elconquistadorredloslagos.cl\/test\/wp-json\/wp\/v2\/posts\/13130","targetHints":{"allow":["GET"]}}],"collection":[{"href":"https:\/\/elconquistadorredloslagos.cl\/test\/wp-json\/wp\/v2\/posts"}],"about":[{"href":"https:\/\/elconquistadorredloslagos.cl\/test\/wp-json\/wp\/v2\/types\/post"}],"author":[{"embeddable":true,"href":"https:\/\/elconquistadorredloslagos.cl\/test\/wp-json\/wp\/v2\/users\/2"}],"replies":[{"embeddable":true,"href":"https:\/\/elconquistadorredloslagos.cl\/test\/wp-json\/wp\/v2\/comments?post=13130"}],"version-history":[{"count":1,"href":"https:\/\/elconquistadorredloslagos.cl\/test\/wp-json\/wp\/v2\/posts\/13130\/revisions"}],"predecessor-version":[{"id":13134,"href":"https:\/\/elconquistadorredloslagos.cl\/test\/wp-json\/wp\/v2\/posts\/13130\/revisions\/13134"}],"wp:featuredmedia":[{"embeddable":true,"href":"https:\/\/elconquistadorredloslagos.cl\/test\/wp-json\/wp\/v2\/media\/13133"}],"wp:attachment":[{"href":"https:\/\/elconquistadorredloslagos.cl\/test\/wp-json\/wp\/v2\/media?parent=13130"}],"wp:term":[{"taxonomy":"category","embeddable":true,"href":"https:\/\/elconquistadorredloslagos.cl\/test\/wp-json\/wp\/v2\/categories?post=13130"},{"taxonomy":"post_tag","embeddable":true,"href":"https:\/\/elconquistadorredloslagos.cl\/test\/wp-json\/wp\/v2\/tags?post=13130"}],"curies":[{"name":"wp","href":"https:\/\/api.w.org\/{rel}","templated":true}]}}