{"id":13123,"date":"2025-08-13T14:26:17","date_gmt":"2025-08-13T18:26:17","guid":{"rendered":"https:\/\/elconquistadorredloslagos.cl\/test\/?p=13123"},"modified":"2025-08-13T14:26:17","modified_gmt":"2025-08-13T18:26:17","slug":"investigan-el-hallazgo-de-cuerpo-sin-vida-en-calbuco","status":"publish","type":"post","link":"https:\/\/elconquistadorredloslagos.cl\/test\/blog\/2025\/08\/13\/investigan-el-hallazgo-de-cuerpo-sin-vida-en-calbuco\/","title":{"rendered":"Investigan el hallazgo de cuerpo sin vida en Calbuco"},"content":{"rendered":"\n<p>Durante la ma\u00f1ana de este mi\u00e9rcoles 13 de agosto, alrededor de las 06.00 horas, se report\u00f3 el hallazgo de un cuerpo sin vida en el sector Huay\u00fan Bajo, comuna de Calbuco. Carabineros de la Cuarta Comisar\u00eda se trasladaron al lugar y confirmaron la presencia del cad\u00e1ver al costado de la ruta.<\/p>\n\n\n\n<p>Por instrucci\u00f3n del Ministerio P\u00fablico, el sitio del suceso fue aislado mientras personal especializado realizaba las diligencias correspondientes. Las investigaciones buscan determinar si la v\u00edctima presenta lesiones atribuibles a la acci\u00f3n de terceras personas y esclarecer las circunstancias de su fallecimiento.<\/p>\n\n\n\n<p>Una ambulancia del Servicio M\u00e9dico Legal (SML) lleg\u00f3 posteriormente al lugar para retirar el cuerpo y trasladarlo a sus dependencias, en el marco del proceso de investigaci\u00f3n.<\/p>\n\n\n\n<p>\ud83d\udcf7 Contexto<\/p>\n","protected":false},"excerpt":{"rendered":"<p>Durante la ma\u00f1ana de este mi\u00e9rcoles 13 de agosto, alrededor de las 06.00 horas, se report\u00f3 el hallazgo de un cuerpo sin vida en el sector Huay\u00fan Bajo, comuna de..<\/p>\n","protected":false},"author":2,"featured_media":13124,"comment_status":"closed","ping_status":"open","sticky":false,"template":"","format":"standard","meta":{"footnotes":""},"categories":[1,28],"tags":[],"class_list":["post-13123","post","type-post","status-publish","format-standard","has-post-thumbnail","hentry","category-acontecer","category-actual"],"rttpg_featured_image_url":{"full":["https:\/\/elconquistadorredloslagos.cl\/test\/wp-content\/uploads\/2025\/08\/IMG_101-8.jpg",1920,1080,false],"landscape":["https:\/\/elconquistadorredloslagos.cl\/test\/wp-content\/uploads\/2025\/08\/IMG_101-8.jpg",1920,1080,false],"portraits":["https:\/\/elconquistadorredloslagos.cl\/test\/wp-content\/uploads\/2025\/08\/IMG_101-8.jpg",1920,1080,false],"thumbnail":["https:\/\/elconquistadorredloslagos.cl\/test\/wp-content\/uploads\/2025\/08\/IMG_101-8-150x150.jpg",150,150,true],"medium":["https:\/\/elconquistadorredloslagos.cl\/test\/wp-content\/uploads\/2025\/08\/IMG_101-8-300x169.jpg",300,169,true],"large":["https:\/\/elconquistadorredloslagos.cl\/test\/wp-content\/uploads\/2025\/08\/IMG_101-8-1024x576.jpg",1024,576,true],"1536x1536":["https:\/\/elconquistadorredloslagos.cl\/test\/wp-content\/uploads\/2025\/08\/IMG_101-8-1536x864.jpg",1536,864,true],"2048x2048":["https:\/\/elconquistadorredloslagos.cl\/test\/wp-content\/uploads\/2025\/08\/IMG_101-8.jpg",1920,1080,false]},"rttpg_author":{"display_name":"ccardenas","author_link":"https:\/\/elconquistadorredloslagos.cl\/test\/blog\/author\/ccardenas\/"},"rttpg_comment":0,"rttpg_category":"<a href=\"https:\/\/elconquistadorredloslagos.cl\/test\/blog\/category\/actual\/acontecer\/\" rel=\"category tag\">Acontecer<\/a> <a href=\"https:\/\/elconquistadorredloslagos.cl\/test\/blog\/category\/actual\/\" rel=\"category tag\">Actualidad<\/a>","rttpg_excerpt":"Durante la ma\u00f1ana de este mi\u00e9rcoles 13 de agosto, alrededor de las 06.00 horas, se report\u00f3 el hallazgo de un cuerpo sin vida en el sector Huay\u00fan Bajo, comuna de..","_links":{"self":[{"href":"https:\/\/elconquistadorredloslagos.cl\/test\/wp-json\/wp\/v2\/posts\/13123","targetHints":{"allow":["GET"]}}],"collection":[{"href":"https:\/\/elconquistadorredloslagos.cl\/test\/wp-json\/wp\/v2\/posts"}],"about":[{"href":"https:\/\/elconquistadorredloslagos.cl\/test\/wp-json\/wp\/v2\/types\/post"}],"author":[{"embeddable":true,"href":"https:\/\/elconquistadorredloslagos.cl\/test\/wp-json\/wp\/v2\/users\/2"}],"replies":[{"embeddable":true,"href":"https:\/\/elconquistadorredloslagos.cl\/test\/wp-json\/wp\/v2\/comments?post=13123"}],"version-history":[{"count":1,"href":"https:\/\/elconquistadorredloslagos.cl\/test\/wp-json\/wp\/v2\/posts\/13123\/revisions"}],"predecessor-version":[{"id":13125,"href":"https:\/\/elconquistadorredloslagos.cl\/test\/wp-json\/wp\/v2\/posts\/13123\/revisions\/13125"}],"wp:featuredmedia":[{"embeddable":true,"href":"https:\/\/elconquistadorredloslagos.cl\/test\/wp-json\/wp\/v2\/media\/13124"}],"wp:attachment":[{"href":"https:\/\/elconquistadorredloslagos.cl\/test\/wp-json\/wp\/v2\/media?parent=13123"}],"wp:term":[{"taxonomy":"category","embeddable":true,"href":"https:\/\/elconquistadorredloslagos.cl\/test\/wp-json\/wp\/v2\/categories?post=13123"},{"taxonomy":"post_tag","embeddable":true,"href":"https:\/\/elconquistadorredloslagos.cl\/test\/wp-json\/wp\/v2\/tags?post=13123"}],"curies":[{"name":"wp","href":"https:\/\/api.w.org\/{rel}","templated":true}]}}