{"id":13117,"date":"2025-08-13T14:08:13","date_gmt":"2025-08-13T18:08:13","guid":{"rendered":"https:\/\/elconquistadorredloslagos.cl\/test\/?p=13117"},"modified":"2025-08-13T14:08:14","modified_gmt":"2025-08-13T18:08:14","slug":"cientos-de-manipuladoras-de-alimentos-de-chiloe-fueron-parte-de-masiva-movilizacion-en-castro","status":"publish","type":"post","link":"https:\/\/elconquistadorredloslagos.cl\/test\/blog\/2025\/08\/13\/cientos-de-manipuladoras-de-alimentos-de-chiloe-fueron-parte-de-masiva-movilizacion-en-castro\/","title":{"rendered":"Cientos de manipuladoras de alimentos de Chilo\u00e9 fueron parte de masiva movilizaci\u00f3n en Castro"},"content":{"rendered":"\n<p>Cerca de 300 manipuladoras de alimentos de todas las comunas de Chilo\u00e9 marcharon ayer por las calles de Castro, sum\u00e1ndose al paro nacional convocado por la Federaci\u00f3n Nacional de Sindicatos de Manipuladoras de Alimentos (FENASIM). La protesta busc\u00f3 visibilizar demandas laborales y contractuales pendientes por parte de las empresas del Programa de Alimentaci\u00f3n Escolar (PAE) y JUNAEB.<\/p>\n\n\n\n<p>La movilizaci\u00f3n se desarroll\u00f3 de forma pac\u00edfica, recorriendo San Mart\u00edn, Punta de Diamante y O&#8217;Higgins, hasta culminar frente a la oficina de JUNAEB y la plaza de armas, con discursos de dirigentas. Entre sus principales exigencias destacan reducir la carga laboral a un m\u00e1ximo de 70 raciones por manipuladora para 2026 y recibir el 100% de la materia prima en buen estado.<\/p>\n\n\n\n<p>Paola Ponce, delegada del Sindicato Violeta Pana, critic\u00f3 la falta de fiscalizaci\u00f3n y denunci\u00f3 demoras en pagos de finiquitos, adem\u00e1s de infraestructura deficiente en algunos colegios. Ana Bustamante agreg\u00f3 que la movilizaci\u00f3n no buscaba aumentos salariales, sino asegurar una alimentaci\u00f3n digna para los ni\u00f1os.<\/p>\n\n\n\n<p>Desde JUNAEB, el director regional V\u00edctor Nail asegur\u00f3 que el Programa de Alimentaci\u00f3n Escolar supervis\u00f3 la jornada y advirti\u00f3 que se aplicar\u00e1n multas a las empresas incumplidoras. El SLEP Chilo\u00e9 inform\u00f3 que 210 establecimientos fueron notificados y se implementaron planes de contingencia. Las dirigentas confirmaron que hoy retomar\u00e1n sus labores con normalidad.<\/p>\n\n\n\n<p>\ud83d\udcf7 (Captura de video) &#8211; Redes sociales<\/p>\n","protected":false},"excerpt":{"rendered":"<p>Cerca de 300 manipuladoras de alimentos de todas las comunas de Chilo\u00e9 marcharon ayer por las calles de Castro, sum\u00e1ndose al paro nacional convocado por la Federaci\u00f3n Nacional de Sindicatos..<\/p>\n","protected":false},"author":2,"featured_media":13118,"comment_status":"closed","ping_status":"open","sticky":false,"template":"","format":"standard","meta":{"footnotes":""},"categories":[1,28,51],"tags":[],"class_list":["post-13117","post","type-post","status-publish","format-standard","has-post-thumbnail","hentry","category-acontecer","category-actual","category-chiloe"],"rttpg_featured_image_url":{"full":["https:\/\/elconquistadorredloslagos.cl\/test\/wp-content\/uploads\/2025\/08\/IMG_101-6.jpg",1920,1080,false],"landscape":["https:\/\/elconquistadorredloslagos.cl\/test\/wp-content\/uploads\/2025\/08\/IMG_101-6.jpg",1920,1080,false],"portraits":["https:\/\/elconquistadorredloslagos.cl\/test\/wp-content\/uploads\/2025\/08\/IMG_101-6.jpg",1920,1080,false],"thumbnail":["https:\/\/elconquistadorredloslagos.cl\/test\/wp-content\/uploads\/2025\/08\/IMG_101-6-150x150.jpg",150,150,true],"medium":["https:\/\/elconquistadorredloslagos.cl\/test\/wp-content\/uploads\/2025\/08\/IMG_101-6-300x169.jpg",300,169,true],"large":["https:\/\/elconquistadorredloslagos.cl\/test\/wp-content\/uploads\/2025\/08\/IMG_101-6-1024x576.jpg",1024,576,true],"1536x1536":["https:\/\/elconquistadorredloslagos.cl\/test\/wp-content\/uploads\/2025\/08\/IMG_101-6-1536x864.jpg",1536,864,true],"2048x2048":["https:\/\/elconquistadorredloslagos.cl\/test\/wp-content\/uploads\/2025\/08\/IMG_101-6.jpg",1920,1080,false]},"rttpg_author":{"display_name":"ccardenas","author_link":"https:\/\/elconquistadorredloslagos.cl\/test\/blog\/author\/ccardenas\/"},"rttpg_comment":0,"rttpg_category":"<a href=\"https:\/\/elconquistadorredloslagos.cl\/test\/blog\/category\/actual\/acontecer\/\" rel=\"category tag\">Acontecer<\/a> <a href=\"https:\/\/elconquistadorredloslagos.cl\/test\/blog\/category\/actual\/\" rel=\"category tag\">Actualidad<\/a> <a href=\"https:\/\/elconquistadorredloslagos.cl\/test\/blog\/category\/chile\/chiloe\/\" rel=\"category tag\">Chilo\u00e9<\/a>","rttpg_excerpt":"Cerca de 300 manipuladoras de alimentos de todas las comunas de Chilo\u00e9 marcharon ayer por las calles de Castro, sum\u00e1ndose al paro nacional convocado por la Federaci\u00f3n Nacional de Sindicatos..","_links":{"self":[{"href":"https:\/\/elconquistadorredloslagos.cl\/test\/wp-json\/wp\/v2\/posts\/13117","targetHints":{"allow":["GET"]}}],"collection":[{"href":"https:\/\/elconquistadorredloslagos.cl\/test\/wp-json\/wp\/v2\/posts"}],"about":[{"href":"https:\/\/elconquistadorredloslagos.cl\/test\/wp-json\/wp\/v2\/types\/post"}],"author":[{"embeddable":true,"href":"https:\/\/elconquistadorredloslagos.cl\/test\/wp-json\/wp\/v2\/users\/2"}],"replies":[{"embeddable":true,"href":"https:\/\/elconquistadorredloslagos.cl\/test\/wp-json\/wp\/v2\/comments?post=13117"}],"version-history":[{"count":1,"href":"https:\/\/elconquistadorredloslagos.cl\/test\/wp-json\/wp\/v2\/posts\/13117\/revisions"}],"predecessor-version":[{"id":13119,"href":"https:\/\/elconquistadorredloslagos.cl\/test\/wp-json\/wp\/v2\/posts\/13117\/revisions\/13119"}],"wp:featuredmedia":[{"embeddable":true,"href":"https:\/\/elconquistadorredloslagos.cl\/test\/wp-json\/wp\/v2\/media\/13118"}],"wp:attachment":[{"href":"https:\/\/elconquistadorredloslagos.cl\/test\/wp-json\/wp\/v2\/media?parent=13117"}],"wp:term":[{"taxonomy":"category","embeddable":true,"href":"https:\/\/elconquistadorredloslagos.cl\/test\/wp-json\/wp\/v2\/categories?post=13117"},{"taxonomy":"post_tag","embeddable":true,"href":"https:\/\/elconquistadorredloslagos.cl\/test\/wp-json\/wp\/v2\/tags?post=13117"}],"curies":[{"name":"wp","href":"https:\/\/api.w.org\/{rel}","templated":true}]}}