{"id":13114,"date":"2025-08-13T14:02:27","date_gmt":"2025-08-13T18:02:27","guid":{"rendered":"https:\/\/elconquistadorredloslagos.cl\/test\/?p=13114"},"modified":"2025-08-13T14:02:28","modified_gmt":"2025-08-13T18:02:28","slug":"funeral-de-barbie-narco-chilena-es-declarado-de-riesgo-en-frutillar","status":"publish","type":"post","link":"https:\/\/elconquistadorredloslagos.cl\/test\/blog\/2025\/08\/13\/funeral-de-barbie-narco-chilena-es-declarado-de-riesgo-en-frutillar\/","title":{"rendered":"Funeral de \u201cBarbie-Narco\u201d chilena es declarado de riesgo en Frutillar"},"content":{"rendered":"\n<p>La Delegaci\u00f3n Presidencial de Los Lagos declar\u00f3 de \u201criesgo\u201d el funeral de Karen Soto Mansilla, conocida como \u201cBarbie-narco\u201d chilena tras perder la vida en una violenta colisi\u00f3n en la ruta que conecta Frutillar con Fresia. Posteriormente, fallecieron sus dos hijos, de 4 y 18 a\u00f1os.<\/p>\n\n\n\n<p>La medida se fundament\u00f3 en un informe t\u00e9cnico de Carabineros, con antecedentes solicitados a distintas polic\u00edas e instituciones. La fallecida hab\u00eda formado parte de una organizaci\u00f3n criminal desarticulada por el OS7 en 2023, que operaba entre Frutillar y Santiago.<\/p>\n\n\n\n<p>Carabineros notific\u00f3 personalmente a la familia sobre la resoluci\u00f3n que obliga a realizar el entierro en un plazo de 24 horas, incluyendo inscripci\u00f3n de defunci\u00f3n y traslado directo al lugar de sepultura o cremaci\u00f3n, conforme a la Ley N\u00b021.717, vigente desde mayo de este a\u00f1o.<\/p>\n\n\n\n<p>El accidente ocurri\u00f3 cerca de las 10.30 horas de ayer en la ruta Frutillar-Tegualda. Karen Soto falleci\u00f3 en el lugar, mientras sus hijos fueron trasladados al Hospital Base de Puerto Montt. El menor de 4 a\u00f1os fue evacuado en helic\u00f3ptero, pero ambos fallecieron pese a los esfuerzos m\u00e9dicos. Otros dos adultos resultaron politraumatizados y permanecen bajo observaci\u00f3n.<\/p>\n\n\n\n<p>\ud83d\udcf7 Redes sociales<\/p>\n","protected":false},"excerpt":{"rendered":"<p>La Delegaci\u00f3n Presidencial de Los Lagos declar\u00f3 de \u201criesgo\u201d el funeral de Karen Soto Mansilla, conocida como \u201cBarbie-narco\u201d chilena tras perder la vida en una violenta colisi\u00f3n en la ruta..<\/p>\n","protected":false},"author":2,"featured_media":13115,"comment_status":"closed","ping_status":"open","sticky":false,"template":"","format":"standard","meta":{"footnotes":""},"categories":[1,28,52],"tags":[],"class_list":["post-13114","post","type-post","status-publish","format-standard","has-post-thumbnail","hentry","category-acontecer","category-actual","category-chile"],"rttpg_featured_image_url":{"full":["https:\/\/elconquistadorredloslagos.cl\/test\/wp-content\/uploads\/2025\/08\/IMG_101-5.jpg",1920,1080,false],"landscape":["https:\/\/elconquistadorredloslagos.cl\/test\/wp-content\/uploads\/2025\/08\/IMG_101-5.jpg",1920,1080,false],"portraits":["https:\/\/elconquistadorredloslagos.cl\/test\/wp-content\/uploads\/2025\/08\/IMG_101-5.jpg",1920,1080,false],"thumbnail":["https:\/\/elconquistadorredloslagos.cl\/test\/wp-content\/uploads\/2025\/08\/IMG_101-5-150x150.jpg",150,150,true],"medium":["https:\/\/elconquistadorredloslagos.cl\/test\/wp-content\/uploads\/2025\/08\/IMG_101-5-300x169.jpg",300,169,true],"large":["https:\/\/elconquistadorredloslagos.cl\/test\/wp-content\/uploads\/2025\/08\/IMG_101-5-1024x576.jpg",1024,576,true],"1536x1536":["https:\/\/elconquistadorredloslagos.cl\/test\/wp-content\/uploads\/2025\/08\/IMG_101-5-1536x864.jpg",1536,864,true],"2048x2048":["https:\/\/elconquistadorredloslagos.cl\/test\/wp-content\/uploads\/2025\/08\/IMG_101-5.jpg",1920,1080,false]},"rttpg_author":{"display_name":"ccardenas","author_link":"https:\/\/elconquistadorredloslagos.cl\/test\/blog\/author\/ccardenas\/"},"rttpg_comment":0,"rttpg_category":"<a href=\"https:\/\/elconquistadorredloslagos.cl\/test\/blog\/category\/actual\/acontecer\/\" rel=\"category tag\">Acontecer<\/a> <a href=\"https:\/\/elconquistadorredloslagos.cl\/test\/blog\/category\/actual\/\" rel=\"category tag\">Actualidad<\/a> <a href=\"https:\/\/elconquistadorredloslagos.cl\/test\/blog\/category\/chile\/\" rel=\"category tag\">Nacional<\/a>","rttpg_excerpt":"La Delegaci\u00f3n Presidencial de Los Lagos declar\u00f3 de \u201criesgo\u201d el funeral de Karen Soto Mansilla, conocida como \u201cBarbie-narco\u201d chilena tras perder la vida en una violenta colisi\u00f3n en la ruta..","_links":{"self":[{"href":"https:\/\/elconquistadorredloslagos.cl\/test\/wp-json\/wp\/v2\/posts\/13114","targetHints":{"allow":["GET"]}}],"collection":[{"href":"https:\/\/elconquistadorredloslagos.cl\/test\/wp-json\/wp\/v2\/posts"}],"about":[{"href":"https:\/\/elconquistadorredloslagos.cl\/test\/wp-json\/wp\/v2\/types\/post"}],"author":[{"embeddable":true,"href":"https:\/\/elconquistadorredloslagos.cl\/test\/wp-json\/wp\/v2\/users\/2"}],"replies":[{"embeddable":true,"href":"https:\/\/elconquistadorredloslagos.cl\/test\/wp-json\/wp\/v2\/comments?post=13114"}],"version-history":[{"count":1,"href":"https:\/\/elconquistadorredloslagos.cl\/test\/wp-json\/wp\/v2\/posts\/13114\/revisions"}],"predecessor-version":[{"id":13116,"href":"https:\/\/elconquistadorredloslagos.cl\/test\/wp-json\/wp\/v2\/posts\/13114\/revisions\/13116"}],"wp:featuredmedia":[{"embeddable":true,"href":"https:\/\/elconquistadorredloslagos.cl\/test\/wp-json\/wp\/v2\/media\/13115"}],"wp:attachment":[{"href":"https:\/\/elconquistadorredloslagos.cl\/test\/wp-json\/wp\/v2\/media?parent=13114"}],"wp:term":[{"taxonomy":"category","embeddable":true,"href":"https:\/\/elconquistadorredloslagos.cl\/test\/wp-json\/wp\/v2\/categories?post=13114"},{"taxonomy":"post_tag","embeddable":true,"href":"https:\/\/elconquistadorredloslagos.cl\/test\/wp-json\/wp\/v2\/tags?post=13114"}],"curies":[{"name":"wp","href":"https:\/\/api.w.org\/{rel}","templated":true}]}}