{"id":13105,"date":"2025-08-13T13:20:05","date_gmt":"2025-08-13T17:20:05","guid":{"rendered":"https:\/\/elconquistadorredloslagos.cl\/test\/?p=13105"},"modified":"2025-08-13T13:47:55","modified_gmt":"2025-08-13T17:47:55","slug":"hombre-asesinado-viajar-desde-osorno-para-comprar-un-auto-en-concepcion","status":"publish","type":"post","link":"https:\/\/elconquistadorredloslagos.cl\/test\/blog\/2025\/08\/13\/hombre-asesinado-viajar-desde-osorno-para-comprar-un-auto-en-concepcion\/","title":{"rendered":"Hombre es asesinado tras viajar desde Osorno para comprar un auto en Concepci\u00f3n"},"content":{"rendered":"\n<p>Un hombre de 32 a\u00f1os muri\u00f3 este martes en Concepci\u00f3n luego de recibir disparos durante un intento de robo mientras se encontraba con su hijastro de 15 a\u00f1os. La v\u00edctima hab\u00eda viajado desde Osorno para adquirir un veh\u00edculo, pero al llegar al lugar de la transacci\u00f3n fue interceptado por al menos tres sujetos armados que se movilizaban en un auto.<\/p>\n\n\n\n<p>Seg\u00fan el prefecto Felipe Calabrano, los antisociales intentaron arrebatarle un bolso que cre\u00edan conten\u00eda dinero. Al no lograrlo, dispararon contra \u00e9l primero y luego nuevamente cuando trat\u00f3 de huir. Los delincuentes s\u00ed lograron sustraer sus celulares, pero no el dinero destinado a la compra del autom\u00f3vil.<\/p>\n\n\n\n<p>La investigaci\u00f3n, a cargo del subprefecto Jos\u00e9 Rubio, se centra en dos lugares: donde ocurri\u00f3 el ataque y donde presuntamente abandonaron el veh\u00edculo utilizado en el delito. Carabineros implement\u00f3 un plan candado en rutas hacia Cabrero, Itata y sectores cercanos para dar con los responsables.<\/p>\n\n\n\n<p>\ud83d\udcf7 Redes sociales<\/p>\n","protected":false},"excerpt":{"rendered":"<p>Un hombre de 32 a\u00f1os muri\u00f3 este martes en Concepci\u00f3n luego de recibir disparos durante un intento de robo mientras se encontraba con su hijastro de 15 a\u00f1os. La v\u00edctima..<\/p>\n","protected":false},"author":2,"featured_media":13106,"comment_status":"closed","ping_status":"open","sticky":false,"template":"","format":"standard","meta":{"footnotes":""},"categories":[1,28,52,55],"tags":[],"class_list":["post-13105","post","type-post","status-publish","format-standard","has-post-thumbnail","hentry","category-acontecer","category-actual","category-chile","category-osorno"],"rttpg_featured_image_url":{"full":["https:\/\/elconquistadorredloslagos.cl\/test\/wp-content\/uploads\/2025\/08\/IMG_101-3.jpg",1920,1080,false],"landscape":["https:\/\/elconquistadorredloslagos.cl\/test\/wp-content\/uploads\/2025\/08\/IMG_101-3.jpg",1920,1080,false],"portraits":["https:\/\/elconquistadorredloslagos.cl\/test\/wp-content\/uploads\/2025\/08\/IMG_101-3.jpg",1920,1080,false],"thumbnail":["https:\/\/elconquistadorredloslagos.cl\/test\/wp-content\/uploads\/2025\/08\/IMG_101-3-150x150.jpg",150,150,true],"medium":["https:\/\/elconquistadorredloslagos.cl\/test\/wp-content\/uploads\/2025\/08\/IMG_101-3-300x169.jpg",300,169,true],"large":["https:\/\/elconquistadorredloslagos.cl\/test\/wp-content\/uploads\/2025\/08\/IMG_101-3-1024x576.jpg",1024,576,true],"1536x1536":["https:\/\/elconquistadorredloslagos.cl\/test\/wp-content\/uploads\/2025\/08\/IMG_101-3-1536x864.jpg",1536,864,true],"2048x2048":["https:\/\/elconquistadorredloslagos.cl\/test\/wp-content\/uploads\/2025\/08\/IMG_101-3.jpg",1920,1080,false]},"rttpg_author":{"display_name":"ccardenas","author_link":"https:\/\/elconquistadorredloslagos.cl\/test\/blog\/author\/ccardenas\/"},"rttpg_comment":0,"rttpg_category":"<a href=\"https:\/\/elconquistadorredloslagos.cl\/test\/blog\/category\/actual\/acontecer\/\" rel=\"category tag\">Acontecer<\/a> <a href=\"https:\/\/elconquistadorredloslagos.cl\/test\/blog\/category\/actual\/\" rel=\"category tag\">Actualidad<\/a> <a href=\"https:\/\/elconquistadorredloslagos.cl\/test\/blog\/category\/chile\/\" rel=\"category tag\">Nacional<\/a> <a href=\"https:\/\/elconquistadorredloslagos.cl\/test\/blog\/category\/chile\/osorno\/\" rel=\"category tag\">Osorno<\/a>","rttpg_excerpt":"Un hombre de 32 a\u00f1os muri\u00f3 este martes en Concepci\u00f3n luego de recibir disparos durante un intento de robo mientras se encontraba con su hijastro de 15 a\u00f1os. La v\u00edctima..","_links":{"self":[{"href":"https:\/\/elconquistadorredloslagos.cl\/test\/wp-json\/wp\/v2\/posts\/13105","targetHints":{"allow":["GET"]}}],"collection":[{"href":"https:\/\/elconquistadorredloslagos.cl\/test\/wp-json\/wp\/v2\/posts"}],"about":[{"href":"https:\/\/elconquistadorredloslagos.cl\/test\/wp-json\/wp\/v2\/types\/post"}],"author":[{"embeddable":true,"href":"https:\/\/elconquistadorredloslagos.cl\/test\/wp-json\/wp\/v2\/users\/2"}],"replies":[{"embeddable":true,"href":"https:\/\/elconquistadorredloslagos.cl\/test\/wp-json\/wp\/v2\/comments?post=13105"}],"version-history":[{"count":2,"href":"https:\/\/elconquistadorredloslagos.cl\/test\/wp-json\/wp\/v2\/posts\/13105\/revisions"}],"predecessor-version":[{"id":13109,"href":"https:\/\/elconquistadorredloslagos.cl\/test\/wp-json\/wp\/v2\/posts\/13105\/revisions\/13109"}],"wp:featuredmedia":[{"embeddable":true,"href":"https:\/\/elconquistadorredloslagos.cl\/test\/wp-json\/wp\/v2\/media\/13106"}],"wp:attachment":[{"href":"https:\/\/elconquistadorredloslagos.cl\/test\/wp-json\/wp\/v2\/media?parent=13105"}],"wp:term":[{"taxonomy":"category","embeddable":true,"href":"https:\/\/elconquistadorredloslagos.cl\/test\/wp-json\/wp\/v2\/categories?post=13105"},{"taxonomy":"post_tag","embeddable":true,"href":"https:\/\/elconquistadorredloslagos.cl\/test\/wp-json\/wp\/v2\/tags?post=13105"}],"curies":[{"name":"wp","href":"https:\/\/api.w.org\/{rel}","templated":true}]}}