{"id":13096,"date":"2025-08-13T13:03:29","date_gmt":"2025-08-13T17:03:29","guid":{"rendered":"https:\/\/elconquistadorredloslagos.cl\/test\/?p=13096"},"modified":"2025-08-13T13:03:29","modified_gmt":"2025-08-13T17:03:29","slug":"chiloe-exige-soluciones-urgentes-ante-crisis-por-falta-de-medicos-especialistas","status":"publish","type":"post","link":"https:\/\/elconquistadorredloslagos.cl\/test\/blog\/2025\/08\/13\/chiloe-exige-soluciones-urgentes-ante-crisis-por-falta-de-medicos-especialistas\/","title":{"rendered":"Chilo\u00e9 exige soluciones urgentes ante crisis por falta de m\u00e9dicos especialistas"},"content":{"rendered":"\n<p>La escasez de especialistas m\u00e9dicos en Chilo\u00e9 encendi\u00f3 las alarmas y forz\u00f3 una reuni\u00f3n de alto nivel entre autoridades, gremios, dirigentes adem\u00e1s de parlamentarios, en busca de medidas inmediatas que refuercen la debilitada red asistencial de la provincia.<\/p>\n\n\n\n<p>En el encuentro desarrollado con car\u00e1cter de urgencia, participaron la delegada presidencial regional, el delegado presidencial provincial, la SEREMI de Salud, la directora del Servicio de Salud Chilo\u00e9 y un asesor del Subsecretario de Redes Asistenciales. Tambi\u00e9n asistieron los alcaldes de Castro y Quinchao, integrantes del Consejo de la Sociedad Civil, dirigentes sociales, gremios del sector, el diputado H\u00e9ctor Ulloa y el equipo parlamentario del senador Fidel Espinoza.<\/p>\n\n\n\n<p>Las discusiones se centraron en los d\u00e9ficits de infraestructura hospitalaria, la cr\u00edtica brecha de especialistas, la optimizaci\u00f3n de la atenci\u00f3n primaria y la mejora en los sistemas de derivaci\u00f3n para pacientes de alta complejidad.<\/p>\n\n\n\n<p>Juan Pablo Rubio, asesor del subsecretario de Redes Asistenciales, adelant\u00f3 que entre los acuerdos concretos, se acord\u00f3 instalar una mesa t\u00e9cnica el pr\u00f3ximo 20 de agosto con participaci\u00f3n de todos los actores, destinada a revisar avances y fijar medidas concretas para revertir la falta de especialistas.<\/p>\n\n\n\n<figure class=\"wp-block-audio\"><audio controls src=\"https:\/\/elconquistadorredloslagos.cl\/test\/wp-content\/uploads\/2025\/08\/CUNA-JP-RUBIO.mp3\"><\/audio><\/figure>\n\n\n\n<p>Similares palabras tuvo la Seremi de Salud de Los Lagos, Karin Sol\u00eds.<\/p>\n\n\n\n<figure class=\"wp-block-audio\"><audio controls src=\"https:\/\/elconquistadorredloslagos.cl\/test\/wp-content\/uploads\/2025\/08\/CUNA-SEREMI-SALUD.mp3\"><\/audio><\/figure>\n\n\n\n<p>El objetivo es establecer soluciones que impacten en el corto, mediano y largo plazo, respondiendo a una demanda urgente de la comunidad.<\/p>\n","protected":false},"excerpt":{"rendered":"<p>La escasez de especialistas m\u00e9dicos en Chilo\u00e9 encendi\u00f3 las alarmas y forz\u00f3 una reuni\u00f3n de alto nivel entre autoridades, gremios, dirigentes adem\u00e1s de parlamentarios, en busca de medidas inmediatas que..<\/p>\n","protected":false},"author":2,"featured_media":13099,"comment_status":"closed","ping_status":"open","sticky":false,"template":"","format":"standard","meta":{"footnotes":""},"categories":[1,28,51],"tags":[],"class_list":["post-13096","post","type-post","status-publish","format-standard","has-post-thumbnail","hentry","category-acontecer","category-actual","category-chiloe"],"rttpg_featured_image_url":{"full":["https:\/\/elconquistadorredloslagos.cl\/test\/wp-content\/uploads\/2025\/08\/IMG_101-1.jpg",1920,1080,false],"landscape":["https:\/\/elconquistadorredloslagos.cl\/test\/wp-content\/uploads\/2025\/08\/IMG_101-1.jpg",1920,1080,false],"portraits":["https:\/\/elconquistadorredloslagos.cl\/test\/wp-content\/uploads\/2025\/08\/IMG_101-1.jpg",1920,1080,false],"thumbnail":["https:\/\/elconquistadorredloslagos.cl\/test\/wp-content\/uploads\/2025\/08\/IMG_101-1-150x150.jpg",150,150,true],"medium":["https:\/\/elconquistadorredloslagos.cl\/test\/wp-content\/uploads\/2025\/08\/IMG_101-1-300x169.jpg",300,169,true],"large":["https:\/\/elconquistadorredloslagos.cl\/test\/wp-content\/uploads\/2025\/08\/IMG_101-1-1024x576.jpg",1024,576,true],"1536x1536":["https:\/\/elconquistadorredloslagos.cl\/test\/wp-content\/uploads\/2025\/08\/IMG_101-1-1536x864.jpg",1536,864,true],"2048x2048":["https:\/\/elconquistadorredloslagos.cl\/test\/wp-content\/uploads\/2025\/08\/IMG_101-1.jpg",1920,1080,false]},"rttpg_author":{"display_name":"ccardenas","author_link":"https:\/\/elconquistadorredloslagos.cl\/test\/blog\/author\/ccardenas\/"},"rttpg_comment":0,"rttpg_category":"<a href=\"https:\/\/elconquistadorredloslagos.cl\/test\/blog\/category\/actual\/acontecer\/\" rel=\"category tag\">Acontecer<\/a> <a href=\"https:\/\/elconquistadorredloslagos.cl\/test\/blog\/category\/actual\/\" rel=\"category tag\">Actualidad<\/a> <a href=\"https:\/\/elconquistadorredloslagos.cl\/test\/blog\/category\/chile\/chiloe\/\" rel=\"category tag\">Chilo\u00e9<\/a>","rttpg_excerpt":"La escasez de especialistas m\u00e9dicos en Chilo\u00e9 encendi\u00f3 las alarmas y forz\u00f3 una reuni\u00f3n de alto nivel entre autoridades, gremios, dirigentes adem\u00e1s de parlamentarios, en busca de medidas inmediatas que..","_links":{"self":[{"href":"https:\/\/elconquistadorredloslagos.cl\/test\/wp-json\/wp\/v2\/posts\/13096","targetHints":{"allow":["GET"]}}],"collection":[{"href":"https:\/\/elconquistadorredloslagos.cl\/test\/wp-json\/wp\/v2\/posts"}],"about":[{"href":"https:\/\/elconquistadorredloslagos.cl\/test\/wp-json\/wp\/v2\/types\/post"}],"author":[{"embeddable":true,"href":"https:\/\/elconquistadorredloslagos.cl\/test\/wp-json\/wp\/v2\/users\/2"}],"replies":[{"embeddable":true,"href":"https:\/\/elconquistadorredloslagos.cl\/test\/wp-json\/wp\/v2\/comments?post=13096"}],"version-history":[{"count":1,"href":"https:\/\/elconquistadorredloslagos.cl\/test\/wp-json\/wp\/v2\/posts\/13096\/revisions"}],"predecessor-version":[{"id":13100,"href":"https:\/\/elconquistadorredloslagos.cl\/test\/wp-json\/wp\/v2\/posts\/13096\/revisions\/13100"}],"wp:featuredmedia":[{"embeddable":true,"href":"https:\/\/elconquistadorredloslagos.cl\/test\/wp-json\/wp\/v2\/media\/13099"}],"wp:attachment":[{"href":"https:\/\/elconquistadorredloslagos.cl\/test\/wp-json\/wp\/v2\/media?parent=13096"}],"wp:term":[{"taxonomy":"category","embeddable":true,"href":"https:\/\/elconquistadorredloslagos.cl\/test\/wp-json\/wp\/v2\/categories?post=13096"},{"taxonomy":"post_tag","embeddable":true,"href":"https:\/\/elconquistadorredloslagos.cl\/test\/wp-json\/wp\/v2\/tags?post=13096"}],"curies":[{"name":"wp","href":"https:\/\/api.w.org\/{rel}","templated":true}]}}