{"id":13091,"date":"2025-08-13T12:57:28","date_gmt":"2025-08-13T16:57:28","guid":{"rendered":"https:\/\/elconquistadorredloslagos.cl\/test\/?p=13091"},"modified":"2025-08-13T12:57:28","modified_gmt":"2025-08-13T16:57:28","slug":"cae-banda-que-robaba-toneladas-de-salmon-en-chiloe-y-el-sur-de-chile","status":"publish","type":"post","link":"https:\/\/elconquistadorredloslagos.cl\/test\/blog\/2025\/08\/13\/cae-banda-que-robaba-toneladas-de-salmon-en-chiloe-y-el-sur-de-chile\/","title":{"rendered":"Cae banda que robaba toneladas de salm\u00f3n en Chilo\u00e9 y el sur de Chile"},"content":{"rendered":"\n<p>Un operativo conjunto de la Polic\u00eda Mar\u00edtima y la Fiscal\u00eda de la Regi\u00f3n de Los Lagos permiti\u00f3 desarticular a una banda dedicada al robo y tr\u00e1fico de salmones, con operaciones que se extend\u00edan desde Quell\u00f3n hasta la Regi\u00f3n de Ays\u00e9n. La acci\u00f3n se concret\u00f3 tras m\u00e1s de dos meses de investigaciones y diligencias periciales, que incluyeron la incautaci\u00f3n de m\u00e1s de 10 toneladas de trucha y salm\u00f3n, adem\u00e1s de veh\u00edculos y equipos utilizados para transportar la carga robada.<\/p>\n\n\n\n<p>La investigaci\u00f3n se inici\u00f3 para identificar la estructura interna del grupo y sus roles en los operativos \u201cMarejadas\u201d y \u201cChinook\u201d. Seg\u00fan el fiscal Rodrigo Oyarz\u00fan, la organizaci\u00f3n sustra\u00eda peces desde jaulas de centros de cultivo en Chilo\u00e9, para luego comercializarlos ilegalmente.<\/p>\n\n\n\n<figure class=\"wp-block-audio\"><audio controls src=\"https:\/\/elconquistadorredloslagos.cl\/test\/wp-content\/uploads\/2025\/08\/CUNA-ROBO-SALMONES-1.mp3\"><\/audio><\/figure>\n\n\n\n<p>La Fiscal\u00eda solicit\u00f3 una pr\u00f3rroga para formalizar, argumentando que se requieren m\u00e1s pericias para determinar la participaci\u00f3n individual de los implicados. El procedimiento, destacaron las autoridades, forma parte de los planes de control mar\u00edtimo para resguardar la seguridad y los bienes de la comunidad. En el operativo, realizado de madrugada en el sector de Isla Cail\u00edn, se detuvo a 15 personas, incluidos dos menores de edad. Entre ellos hab\u00eda tripulantes de una embarcaci\u00f3n utilizada para el traslado y choferes de tres veh\u00edculos de carga.<\/p>\n\n\n\n<figure class=\"wp-block-audio\"><audio controls src=\"https:\/\/elconquistadorredloslagos.cl\/test\/wp-content\/uploads\/2025\/08\/CUNA-ROBO-SALMONES-2.mp3\"><\/audio><\/figure>\n\n\n\n<p>Desde el Ministerio P\u00fablico se indic\u00f3 que se podr\u00eda vincular a este grupo con un robo similar ocurrido en noviembre de 2021 en Puerto Montt, cuando sustrajeron m\u00e1s de seis toneladas de salm\u00f3n. En esta ocasi\u00f3n, los detenidos fueron puestos a disposici\u00f3n del Juzgado Mixto de Quell\u00f3n, que acredit\u00f3 la legalidad de las detenciones por flagrancia.<\/p>\n\n\n\n<p>\ud83d\udcf7 (Captura de video) &#8211; Redes sociales<\/p>\n","protected":false},"excerpt":{"rendered":"<p>Un operativo conjunto de la Polic\u00eda Mar\u00edtima y la Fiscal\u00eda de la Regi\u00f3n de Los Lagos permiti\u00f3 desarticular a una banda dedicada al robo y tr\u00e1fico de salmones, con operaciones..<\/p>\n","protected":false},"author":2,"featured_media":13094,"comment_status":"closed","ping_status":"open","sticky":false,"template":"","format":"standard","meta":{"footnotes":""},"categories":[1,28,51],"tags":[],"class_list":["post-13091","post","type-post","status-publish","format-standard","has-post-thumbnail","hentry","category-acontecer","category-actual","category-chiloe"],"rttpg_featured_image_url":{"full":["https:\/\/elconquistadorredloslagos.cl\/test\/wp-content\/uploads\/2025\/08\/IMG_101.jpg",1920,1080,false],"landscape":["https:\/\/elconquistadorredloslagos.cl\/test\/wp-content\/uploads\/2025\/08\/IMG_101.jpg",1920,1080,false],"portraits":["https:\/\/elconquistadorredloslagos.cl\/test\/wp-content\/uploads\/2025\/08\/IMG_101.jpg",1920,1080,false],"thumbnail":["https:\/\/elconquistadorredloslagos.cl\/test\/wp-content\/uploads\/2025\/08\/IMG_101-150x150.jpg",150,150,true],"medium":["https:\/\/elconquistadorredloslagos.cl\/test\/wp-content\/uploads\/2025\/08\/IMG_101-300x169.jpg",300,169,true],"large":["https:\/\/elconquistadorredloslagos.cl\/test\/wp-content\/uploads\/2025\/08\/IMG_101-1024x576.jpg",1024,576,true],"1536x1536":["https:\/\/elconquistadorredloslagos.cl\/test\/wp-content\/uploads\/2025\/08\/IMG_101-1536x864.jpg",1536,864,true],"2048x2048":["https:\/\/elconquistadorredloslagos.cl\/test\/wp-content\/uploads\/2025\/08\/IMG_101.jpg",1920,1080,false]},"rttpg_author":{"display_name":"ccardenas","author_link":"https:\/\/elconquistadorredloslagos.cl\/test\/blog\/author\/ccardenas\/"},"rttpg_comment":0,"rttpg_category":"<a href=\"https:\/\/elconquistadorredloslagos.cl\/test\/blog\/category\/actual\/acontecer\/\" rel=\"category tag\">Acontecer<\/a> <a href=\"https:\/\/elconquistadorredloslagos.cl\/test\/blog\/category\/actual\/\" rel=\"category tag\">Actualidad<\/a> <a href=\"https:\/\/elconquistadorredloslagos.cl\/test\/blog\/category\/chile\/chiloe\/\" rel=\"category tag\">Chilo\u00e9<\/a>","rttpg_excerpt":"Un operativo conjunto de la Polic\u00eda Mar\u00edtima y la Fiscal\u00eda de la Regi\u00f3n de Los Lagos permiti\u00f3 desarticular a una banda dedicada al robo y tr\u00e1fico de salmones, con operaciones..","_links":{"self":[{"href":"https:\/\/elconquistadorredloslagos.cl\/test\/wp-json\/wp\/v2\/posts\/13091","targetHints":{"allow":["GET"]}}],"collection":[{"href":"https:\/\/elconquistadorredloslagos.cl\/test\/wp-json\/wp\/v2\/posts"}],"about":[{"href":"https:\/\/elconquistadorredloslagos.cl\/test\/wp-json\/wp\/v2\/types\/post"}],"author":[{"embeddable":true,"href":"https:\/\/elconquistadorredloslagos.cl\/test\/wp-json\/wp\/v2\/users\/2"}],"replies":[{"embeddable":true,"href":"https:\/\/elconquistadorredloslagos.cl\/test\/wp-json\/wp\/v2\/comments?post=13091"}],"version-history":[{"count":1,"href":"https:\/\/elconquistadorredloslagos.cl\/test\/wp-json\/wp\/v2\/posts\/13091\/revisions"}],"predecessor-version":[{"id":13095,"href":"https:\/\/elconquistadorredloslagos.cl\/test\/wp-json\/wp\/v2\/posts\/13091\/revisions\/13095"}],"wp:featuredmedia":[{"embeddable":true,"href":"https:\/\/elconquistadorredloslagos.cl\/test\/wp-json\/wp\/v2\/media\/13094"}],"wp:attachment":[{"href":"https:\/\/elconquistadorredloslagos.cl\/test\/wp-json\/wp\/v2\/media?parent=13091"}],"wp:term":[{"taxonomy":"category","embeddable":true,"href":"https:\/\/elconquistadorredloslagos.cl\/test\/wp-json\/wp\/v2\/categories?post=13091"},{"taxonomy":"post_tag","embeddable":true,"href":"https:\/\/elconquistadorredloslagos.cl\/test\/wp-json\/wp\/v2\/tags?post=13091"}],"curies":[{"name":"wp","href":"https:\/\/api.w.org\/{rel}","templated":true}]}}