{"id":13087,"date":"2025-08-13T10:39:16","date_gmt":"2025-08-13T14:39:16","guid":{"rendered":"https:\/\/elconquistadorredloslagos.cl\/test\/?p=13087"},"modified":"2025-08-13T10:39:29","modified_gmt":"2025-08-13T14:39:29","slug":"andes-salud-ancud-celebra-su-primer-aniversario-mas-de-14-mil-pacientes-atendidos-y-un-nuevo-estandar-en-salud-para-chiloe","status":"publish","type":"post","link":"https:\/\/elconquistadorredloslagos.cl\/test\/blog\/2025\/08\/13\/andes-salud-ancud-celebra-su-primer-aniversario-mas-de-14-mil-pacientes-atendidos-y-un-nuevo-estandar-en-salud-para-chiloe\/","title":{"rendered":"Andes Salud Ancud celebra su primer aniversario: m\u00e1s de 14 mil pacientes atendidos y un nuevo est\u00e1ndar en salud para Chilo\u00e9"},"content":{"rendered":"\n<p>Andes Salud Ancud cumpli\u00f3 su primer a\u00f1o de funcionamiento, per\u00edodo en el que ha atendido a m\u00e1s de <strong>14 mil pacientes<\/strong> e incorporado el <strong>resonador magn\u00e9tico m\u00e1s moderno de la Isla<\/strong>, acercando diagn\u00f3sticos y tratamientos de calidad sin necesidad de viajar a otras ciudades.<\/p>\n\n\n\n<p>Hace apenas un a\u00f1o, gran parte de los habitantes de Chilo\u00e9 deb\u00eda trasladarse a comunas como Puerto Montt o Castro para acceder a atenci\u00f3n m\u00e9dica especializada o realizar ex\u00e1menes complejos. Hoy, gracias a la llegada de Andes Salud a Ancud, esa realidad comenz\u00f3 a cambiar.<\/p>\n\n\n\n<p>En estos 12 meses, el centro m\u00e9dico ha realizado cerca de <strong>31.200 ex\u00e1menes de laboratorio<\/strong>, <strong>17.000 estudios de im\u00e1genes<\/strong>, <strong>4.629 esc\u00e1neres<\/strong>, <strong>782 resonancias magn\u00e9ticas<\/strong> y <strong>504 mamograf\u00edas<\/strong>. Estas cifras reflejan la confianza de la comunidad y el impacto de contar con servicios de salud de calidad en la zona.<\/p>\n\n\n\n<p>Un dato relevante es que el <strong>82,8% de los pacientes pertenece a Fonasa<\/strong>, lo que evidencia que Andes Salud ha logrado ampliar el acceso a medicina de excelencia para las familias de Chilo\u00e9.<\/p>\n\n\n\n<h5 class=\"wp-block-heading has-text-align-center\">Especialidades y servicios<\/h5>\n\n\n\n<p>Desde su apertura, el centro ha puesto a disposici\u00f3n de la comunidad una amplia oferta m\u00e9dica que incluye medicina general, pediatr\u00eda, traumatolog\u00eda, ginecolog\u00eda y cardiolog\u00eda, entre otras especialidades.<\/p>\n\n\n\n<p>Adem\u00e1s, gracias al apoyo de la <strong>Cl\u00ednica Andes Salud Puerto Montt<\/strong>, se han incorporado atenciones de alta complejidad como dermatolog\u00eda, traumatolog\u00eda de mano y mu\u00f1eca, broncopulmonar, cirug\u00eda pl\u00e1stica y psiquiatr\u00eda infantil y adolescente.<\/p>\n\n\n\n<h5 class=\"wp-block-heading has-text-align-center\">Hito tecnol\u00f3gico<\/h5>\n\n\n\n<p>En enero de este a\u00f1o, Andes Salud Ancud inaugur\u00f3 el <strong>\u00fanico resonador magn\u00e9tico en la comuna<\/strong> y el m\u00e1s moderno de Chilo\u00e9, permitiendo diagn\u00f3sticos de alta precisi\u00f3n sin que los pacientes deban salir de la isla.<\/p>\n\n\n\n<p>Juan Sabaj, gerente general de Andes Salud Puerto Montt, se\u00f1al\u00f3:<\/p>\n\n\n\n<blockquote class=\"wp-block-quote is-layout-flow wp-block-quote-is-layout-flow\">\n<p>\u201cCuando abrimos este centro, nuestro compromiso fue claro: que los habitantes de Chilo\u00e9 no tuvieran que viajar largas distancias para recibir atenci\u00f3n m\u00e9dica de calidad. A un a\u00f1o, los resultados nos confirman que vamos en el camino correcto, con una respuesta de la comunidad que nos motiva a seguir creciendo\u201d.<\/p>\n<\/blockquote>\n\n\n\n<h5 class=\"wp-block-heading has-text-align-center\">Aniversario con beneficios<\/h5>\n\n\n\n<p>Para celebrar su primer aniversario, Andes Salud Ancud ofrecer\u00e1 durante agosto descuentos especiales en consultas de medicina general, radiograf\u00edas de t\u00f3rax y resonancias de columna.<\/p>\n\n\n\n<p>Con este primer a\u00f1o de funcionamiento, la instituci\u00f3n reafirma su compromiso de seguir ampliando la oferta m\u00e9dica en la Isla, respaldada por la experiencia de toda la red Andes Salud y de la Cl\u00ednica Andes Salud Puerto Montt, entregando soluciones integrales, resolutivas y de excelencia para la comunidad chilota.<\/p>\n","protected":false},"excerpt":{"rendered":"<p>Andes Salud Ancud cumpli\u00f3 su primer a\u00f1o de funcionamiento, per\u00edodo en el que ha atendido a m\u00e1s de 14 mil pacientes e incorporado el resonador magn\u00e9tico m\u00e1s moderno de la..<\/p>\n","protected":false},"author":7,"featured_media":13088,"comment_status":"closed","ping_status":"open","sticky":false,"template":"","format":"standard","meta":{"footnotes":""},"categories":[1,28,51],"tags":[],"class_list":["post-13087","post","type-post","status-publish","format-standard","has-post-thumbnail","hentry","category-acontecer","category-actual","category-chiloe"],"rttpg_featured_image_url":{"full":["https:\/\/elconquistadorredloslagos.cl\/test\/wp-content\/uploads\/2025\/08\/andes-ancud.png",1920,1080,false],"landscape":["https:\/\/elconquistadorredloslagos.cl\/test\/wp-content\/uploads\/2025\/08\/andes-ancud.png",1920,1080,false],"portraits":["https:\/\/elconquistadorredloslagos.cl\/test\/wp-content\/uploads\/2025\/08\/andes-ancud.png",1920,1080,false],"thumbnail":["https:\/\/elconquistadorredloslagos.cl\/test\/wp-content\/uploads\/2025\/08\/andes-ancud-150x150.png",150,150,true],"medium":["https:\/\/elconquistadorredloslagos.cl\/test\/wp-content\/uploads\/2025\/08\/andes-ancud-300x169.png",300,169,true],"large":["https:\/\/elconquistadorredloslagos.cl\/test\/wp-content\/uploads\/2025\/08\/andes-ancud-1024x576.png",1024,576,true],"1536x1536":["https:\/\/elconquistadorredloslagos.cl\/test\/wp-content\/uploads\/2025\/08\/andes-ancud-1536x864.png",1536,864,true],"2048x2048":["https:\/\/elconquistadorredloslagos.cl\/test\/wp-content\/uploads\/2025\/08\/andes-ancud.png",1920,1080,false]},"rttpg_author":{"display_name":"enzodelahoz1988","author_link":"https:\/\/elconquistadorredloslagos.cl\/test\/blog\/author\/enzodelahoz1988\/"},"rttpg_comment":0,"rttpg_category":"<a href=\"https:\/\/elconquistadorredloslagos.cl\/test\/blog\/category\/actual\/acontecer\/\" rel=\"category tag\">Acontecer<\/a> <a href=\"https:\/\/elconquistadorredloslagos.cl\/test\/blog\/category\/actual\/\" rel=\"category tag\">Actualidad<\/a> <a href=\"https:\/\/elconquistadorredloslagos.cl\/test\/blog\/category\/chile\/chiloe\/\" rel=\"category tag\">Chilo\u00e9<\/a>","rttpg_excerpt":"Andes Salud Ancud cumpli\u00f3 su primer a\u00f1o de funcionamiento, per\u00edodo en el que ha atendido a m\u00e1s de 14 mil pacientes e incorporado el resonador magn\u00e9tico m\u00e1s moderno de la..","_links":{"self":[{"href":"https:\/\/elconquistadorredloslagos.cl\/test\/wp-json\/wp\/v2\/posts\/13087","targetHints":{"allow":["GET"]}}],"collection":[{"href":"https:\/\/elconquistadorredloslagos.cl\/test\/wp-json\/wp\/v2\/posts"}],"about":[{"href":"https:\/\/elconquistadorredloslagos.cl\/test\/wp-json\/wp\/v2\/types\/post"}],"author":[{"embeddable":true,"href":"https:\/\/elconquistadorredloslagos.cl\/test\/wp-json\/wp\/v2\/users\/7"}],"replies":[{"embeddable":true,"href":"https:\/\/elconquistadorredloslagos.cl\/test\/wp-json\/wp\/v2\/comments?post=13087"}],"version-history":[{"count":1,"href":"https:\/\/elconquistadorredloslagos.cl\/test\/wp-json\/wp\/v2\/posts\/13087\/revisions"}],"predecessor-version":[{"id":13089,"href":"https:\/\/elconquistadorredloslagos.cl\/test\/wp-json\/wp\/v2\/posts\/13087\/revisions\/13089"}],"wp:featuredmedia":[{"embeddable":true,"href":"https:\/\/elconquistadorredloslagos.cl\/test\/wp-json\/wp\/v2\/media\/13088"}],"wp:attachment":[{"href":"https:\/\/elconquistadorredloslagos.cl\/test\/wp-json\/wp\/v2\/media?parent=13087"}],"wp:term":[{"taxonomy":"category","embeddable":true,"href":"https:\/\/elconquistadorredloslagos.cl\/test\/wp-json\/wp\/v2\/categories?post=13087"},{"taxonomy":"post_tag","embeddable":true,"href":"https:\/\/elconquistadorredloslagos.cl\/test\/wp-json\/wp\/v2\/tags?post=13087"}],"curies":[{"name":"wp","href":"https:\/\/api.w.org\/{rel}","templated":true}]}}