{"id":13080,"date":"2025-08-12T18:12:49","date_gmt":"2025-08-12T22:12:49","guid":{"rendered":"https:\/\/elconquistadorredloslagos.cl\/test\/?p=13080"},"modified":"2025-08-12T18:12:49","modified_gmt":"2025-08-12T22:12:49","slug":"investigan-causas-de-volcamiento-de-patrulla-en-puerto-varas","status":"publish","type":"post","link":"https:\/\/elconquistadorredloslagos.cl\/test\/blog\/2025\/08\/12\/investigan-causas-de-volcamiento-de-patrulla-en-puerto-varas\/","title":{"rendered":"Investigan causas de volcamiento de patrulla en Puerto Varas"},"content":{"rendered":"\n<p>Se investigan las causas del accidente que involucr\u00f3 a una patrulla de Carabineros que volc\u00f3 mientras se dirig\u00eda a verificar un corte de ruta provocado por el temporal en Puerto Varas. El hecho ocurri\u00f3 en la ruta V-69, a la altura del puente Hue\u00f1u Hue\u00f1u, con direcci\u00f3n hacia el sector Ral\u00fan.<\/p>\n\n\n\n<p>Dos carabineros resultaron con lesiones tras el incidente. Bomberos de la Sexta y S\u00e9ptima Compa\u00f1\u00edas de Puerto Varas acudieron r\u00e1pidamente al lugar y encontraron a los uniformados fuera del veh\u00edculo. Inicialmente fueron trasladados al centro asistencial de Ensenada y posteriormente al hospital local.<\/p>\n\n\n\n<p>El general Jorge Valdivia Correa, jefe de Zona Los Lagos de Carabineros, explic\u00f3 que la patrulla realizaba una maniobra debido a las condiciones clim\u00e1ticas adversas, lo que provoc\u00f3 el vuelco. \u00abAmbos carabineros se encuentran conscientes y en buen estado\u00bb, se\u00f1al\u00f3, destacando la colaboraci\u00f3n de bomberos y civiles en el rescate.<\/p>\n\n\n\n<p>\ud83d\udcf7 (Captura de video) &#8211; Redes sociales<\/p>\n","protected":false},"excerpt":{"rendered":"<p>Se investigan las causas del accidente que involucr\u00f3 a una patrulla de Carabineros que volc\u00f3 mientras se dirig\u00eda a verificar un corte de ruta provocado por el temporal en Puerto..<\/p>\n","protected":false},"author":2,"featured_media":13081,"comment_status":"closed","ping_status":"open","sticky":false,"template":"","format":"standard","meta":{"footnotes":""},"categories":[1,28,54],"tags":[],"class_list":["post-13080","post","type-post","status-publish","format-standard","has-post-thumbnail","hentry","category-acontecer","category-actual","category-lago-llanquihue"],"rttpg_featured_image_url":{"full":["https:\/\/elconquistadorredloslagos.cl\/test\/wp-content\/uploads\/2025\/08\/im-2.jpg",1920,1080,false],"landscape":["https:\/\/elconquistadorredloslagos.cl\/test\/wp-content\/uploads\/2025\/08\/im-2.jpg",1920,1080,false],"portraits":["https:\/\/elconquistadorredloslagos.cl\/test\/wp-content\/uploads\/2025\/08\/im-2.jpg",1920,1080,false],"thumbnail":["https:\/\/elconquistadorredloslagos.cl\/test\/wp-content\/uploads\/2025\/08\/im-2-150x150.jpg",150,150,true],"medium":["https:\/\/elconquistadorredloslagos.cl\/test\/wp-content\/uploads\/2025\/08\/im-2-300x169.jpg",300,169,true],"large":["https:\/\/elconquistadorredloslagos.cl\/test\/wp-content\/uploads\/2025\/08\/im-2-1024x576.jpg",1024,576,true],"1536x1536":["https:\/\/elconquistadorredloslagos.cl\/test\/wp-content\/uploads\/2025\/08\/im-2-1536x864.jpg",1536,864,true],"2048x2048":["https:\/\/elconquistadorredloslagos.cl\/test\/wp-content\/uploads\/2025\/08\/im-2.jpg",1920,1080,false]},"rttpg_author":{"display_name":"ccardenas","author_link":"https:\/\/elconquistadorredloslagos.cl\/test\/blog\/author\/ccardenas\/"},"rttpg_comment":0,"rttpg_category":"<a href=\"https:\/\/elconquistadorredloslagos.cl\/test\/blog\/category\/actual\/acontecer\/\" rel=\"category tag\">Acontecer<\/a> <a href=\"https:\/\/elconquistadorredloslagos.cl\/test\/blog\/category\/actual\/\" rel=\"category tag\">Actualidad<\/a> <a href=\"https:\/\/elconquistadorredloslagos.cl\/test\/blog\/category\/chile\/lago-llanquihue\/\" rel=\"category tag\">Lago LLanquihue<\/a>","rttpg_excerpt":"Se investigan las causas del accidente que involucr\u00f3 a una patrulla de Carabineros que volc\u00f3 mientras se dirig\u00eda a verificar un corte de ruta provocado por el temporal en Puerto..","_links":{"self":[{"href":"https:\/\/elconquistadorredloslagos.cl\/test\/wp-json\/wp\/v2\/posts\/13080","targetHints":{"allow":["GET"]}}],"collection":[{"href":"https:\/\/elconquistadorredloslagos.cl\/test\/wp-json\/wp\/v2\/posts"}],"about":[{"href":"https:\/\/elconquistadorredloslagos.cl\/test\/wp-json\/wp\/v2\/types\/post"}],"author":[{"embeddable":true,"href":"https:\/\/elconquistadorredloslagos.cl\/test\/wp-json\/wp\/v2\/users\/2"}],"replies":[{"embeddable":true,"href":"https:\/\/elconquistadorredloslagos.cl\/test\/wp-json\/wp\/v2\/comments?post=13080"}],"version-history":[{"count":1,"href":"https:\/\/elconquistadorredloslagos.cl\/test\/wp-json\/wp\/v2\/posts\/13080\/revisions"}],"predecessor-version":[{"id":13082,"href":"https:\/\/elconquistadorredloslagos.cl\/test\/wp-json\/wp\/v2\/posts\/13080\/revisions\/13082"}],"wp:featuredmedia":[{"embeddable":true,"href":"https:\/\/elconquistadorredloslagos.cl\/test\/wp-json\/wp\/v2\/media\/13081"}],"wp:attachment":[{"href":"https:\/\/elconquistadorredloslagos.cl\/test\/wp-json\/wp\/v2\/media?parent=13080"}],"wp:term":[{"taxonomy":"category","embeddable":true,"href":"https:\/\/elconquistadorredloslagos.cl\/test\/wp-json\/wp\/v2\/categories?post=13080"},{"taxonomy":"post_tag","embeddable":true,"href":"https:\/\/elconquistadorredloslagos.cl\/test\/wp-json\/wp\/v2\/tags?post=13080"}],"curies":[{"name":"wp","href":"https:\/\/api.w.org\/{rel}","templated":true}]}}