{"id":13070,"date":"2025-08-12T16:19:35","date_gmt":"2025-08-12T20:19:35","guid":{"rendered":"https:\/\/elconquistadorredloslagos.cl\/test\/?p=13070"},"modified":"2025-08-12T16:19:36","modified_gmt":"2025-08-12T20:19:36","slug":"tragedia-vial-en-frutillar-deja-una-victima-fatal-y-cuatro-heridos","status":"publish","type":"post","link":"https:\/\/elconquistadorredloslagos.cl\/test\/blog\/2025\/08\/12\/tragedia-vial-en-frutillar-deja-una-victima-fatal-y-cuatro-heridos\/","title":{"rendered":"Tragedia vial en Frutillar deja una v\u00edctima fatal y cuatro heridos"},"content":{"rendered":"\n<p>Una colisi\u00f3n frontal ocurrida la ma\u00f1ana de este martes en la ruta que conecta Frutillar con Tegualda, en la comuna de Fresia, cobr\u00f3 la vida de una mujer y dej\u00f3 a otras cuatro personas heridas, entre ellas un lactante.<\/p>\n\n\n\n<p>El accidente se registr\u00f3 cerca de las 10.30 horas, a la altura del sector \u201cCasa de la Oma\u201d, cuando, por causas que ser\u00e1n establecidas por la investigaci\u00f3n, dos veh\u00edculos impactaron de frente.<\/p>\n\n\n\n<p>Debido a la gravedad de sus lesiones, el menor fue trasladado en helic\u00f3ptero hasta el Hospital Base de Puerto Montt, mientras que los otros tres heridos fueron derivados en ambulancia al mismo recinto asistencial.<\/p>\n\n\n\n<p>El subcomisario de Carabineros de Frutillar, subteniente Iv\u00e1n Tiznado, confirm\u00f3 el deceso de la mujer en el lugar del accidente.<\/p>\n\n\n\n<p>Por orden del Ministerio P\u00fablico, personal de la Secci\u00f3n de Investigaci\u00f3n de Accidentes de Tr\u00e1nsito (SIAT) de Carabineros asumi\u00f3 las diligencias para determinar las causas y responsabilidades del hecho. El capit\u00e1n Sebasti\u00e1n Barr\u00eda, jefe de la unidad, explic\u00f3 que el trabajo contempla un informe t\u00e9cnico pericial que ser\u00e1 remitido a la Fiscal\u00eda.<\/p>\n\n\n\n<figure class=\"wp-block-audio\"><audio controls src=\"https:\/\/elconquistadorredloslagos.cl\/test\/wp-content\/uploads\/2025\/08\/accidente-frutillar.mp3\"><\/audio><\/figure>\n\n\n\n<p>Las autoridades mantienen abierta la investigaci\u00f3n para esclarecer los detalles y evitar futuros accidentes en la zona.<\/p>\n\n\n\n<p>\ud83d\udcf7 Redes sociales<\/p>\n","protected":false},"excerpt":{"rendered":"<p>Una colisi\u00f3n frontal ocurrida la ma\u00f1ana de este martes en la ruta que conecta Frutillar con Tegualda, en la comuna de Fresia, cobr\u00f3 la vida de una mujer y dej\u00f3..<\/p>\n","protected":false},"author":2,"featured_media":13072,"comment_status":"closed","ping_status":"open","sticky":false,"template":"","format":"standard","meta":{"footnotes":""},"categories":[1,28],"tags":[],"class_list":["post-13070","post","type-post","status-publish","format-standard","has-post-thumbnail","hentry","category-acontecer","category-actual"],"rttpg_featured_image_url":{"full":["https:\/\/elconquistadorredloslagos.cl\/test\/wp-content\/uploads\/2025\/08\/Sin-titulo-1-Recuperado-2.jpg",1920,1080,false],"landscape":["https:\/\/elconquistadorredloslagos.cl\/test\/wp-content\/uploads\/2025\/08\/Sin-titulo-1-Recuperado-2.jpg",1920,1080,false],"portraits":["https:\/\/elconquistadorredloslagos.cl\/test\/wp-content\/uploads\/2025\/08\/Sin-titulo-1-Recuperado-2.jpg",1920,1080,false],"thumbnail":["https:\/\/elconquistadorredloslagos.cl\/test\/wp-content\/uploads\/2025\/08\/Sin-titulo-1-Recuperado-2-150x150.jpg",150,150,true],"medium":["https:\/\/elconquistadorredloslagos.cl\/test\/wp-content\/uploads\/2025\/08\/Sin-titulo-1-Recuperado-2-300x169.jpg",300,169,true],"large":["https:\/\/elconquistadorredloslagos.cl\/test\/wp-content\/uploads\/2025\/08\/Sin-titulo-1-Recuperado-2-1024x576.jpg",1024,576,true],"1536x1536":["https:\/\/elconquistadorredloslagos.cl\/test\/wp-content\/uploads\/2025\/08\/Sin-titulo-1-Recuperado-2-1536x864.jpg",1536,864,true],"2048x2048":["https:\/\/elconquistadorredloslagos.cl\/test\/wp-content\/uploads\/2025\/08\/Sin-titulo-1-Recuperado-2.jpg",1920,1080,false]},"rttpg_author":{"display_name":"ccardenas","author_link":"https:\/\/elconquistadorredloslagos.cl\/test\/blog\/author\/ccardenas\/"},"rttpg_comment":0,"rttpg_category":"<a href=\"https:\/\/elconquistadorredloslagos.cl\/test\/blog\/category\/actual\/acontecer\/\" rel=\"category tag\">Acontecer<\/a> <a href=\"https:\/\/elconquistadorredloslagos.cl\/test\/blog\/category\/actual\/\" rel=\"category tag\">Actualidad<\/a>","rttpg_excerpt":"Una colisi\u00f3n frontal ocurrida la ma\u00f1ana de este martes en la ruta que conecta Frutillar con Tegualda, en la comuna de Fresia, cobr\u00f3 la vida de una mujer y dej\u00f3..","_links":{"self":[{"href":"https:\/\/elconquistadorredloslagos.cl\/test\/wp-json\/wp\/v2\/posts\/13070","targetHints":{"allow":["GET"]}}],"collection":[{"href":"https:\/\/elconquistadorredloslagos.cl\/test\/wp-json\/wp\/v2\/posts"}],"about":[{"href":"https:\/\/elconquistadorredloslagos.cl\/test\/wp-json\/wp\/v2\/types\/post"}],"author":[{"embeddable":true,"href":"https:\/\/elconquistadorredloslagos.cl\/test\/wp-json\/wp\/v2\/users\/2"}],"replies":[{"embeddable":true,"href":"https:\/\/elconquistadorredloslagos.cl\/test\/wp-json\/wp\/v2\/comments?post=13070"}],"version-history":[{"count":1,"href":"https:\/\/elconquistadorredloslagos.cl\/test\/wp-json\/wp\/v2\/posts\/13070\/revisions"}],"predecessor-version":[{"id":13073,"href":"https:\/\/elconquistadorredloslagos.cl\/test\/wp-json\/wp\/v2\/posts\/13070\/revisions\/13073"}],"wp:featuredmedia":[{"embeddable":true,"href":"https:\/\/elconquistadorredloslagos.cl\/test\/wp-json\/wp\/v2\/media\/13072"}],"wp:attachment":[{"href":"https:\/\/elconquistadorredloslagos.cl\/test\/wp-json\/wp\/v2\/media?parent=13070"}],"wp:term":[{"taxonomy":"category","embeddable":true,"href":"https:\/\/elconquistadorredloslagos.cl\/test\/wp-json\/wp\/v2\/categories?post=13070"},{"taxonomy":"post_tag","embeddable":true,"href":"https:\/\/elconquistadorredloslagos.cl\/test\/wp-json\/wp\/v2\/tags?post=13070"}],"curies":[{"name":"wp","href":"https:\/\/api.w.org\/{rel}","templated":true}]}}