{"id":13067,"date":"2025-08-12T16:10:22","date_gmt":"2025-08-12T20:10:22","guid":{"rendered":"https:\/\/elconquistadorredloslagos.cl\/test\/?p=13067"},"modified":"2025-08-12T16:10:22","modified_gmt":"2025-08-12T20:10:22","slug":"refuerzan-controles-en-pasos-fronterizos-de-los-lagos-ante-alerta-internacional-por-sicario-de-meiggs","status":"publish","type":"post","link":"https:\/\/elconquistadorredloslagos.cl\/test\/blog\/2025\/08\/12\/refuerzan-controles-en-pasos-fronterizos-de-los-lagos-ante-alerta-internacional-por-sicario-de-meiggs\/","title":{"rendered":"Refuerzan controles en pasos fronterizos de Los Lagos ante alerta internacional por sicario de Meiggs"},"content":{"rendered":"\n<p>En la regi\u00f3n de Los Lagos se intensificaron los controles en pasos y complejos fronterizos ante la alerta roja emitida en Santa Cruz, Argentina, por la presunta presencia de Alberto Carlos Mej\u00eda Hern\u00e1ndez, imputado por el homicidio del denominado \u201cRey de Meiggs\u201d.<\/p>\n\n\n\n<p>El sujeto, que habr\u00eda pasado por Osorno antes de huir del pa\u00eds, motiv\u00f3 un despliegue preventivo coordinado entre Carabineros, Polic\u00eda de Investigaciones, autoridades argentinas y el Ministerio P\u00fablico, con el objetivo de lograr su captura y posterior extradici\u00f3n.<\/p>\n\n\n\n<p>La seremi de Seguridad P\u00fablica, Patricia Rada, inform\u00f3 que adem\u00e1s se est\u00e1n realizando operativos de enrolamiento a personas en situaci\u00f3n migratoria irregular para confirmar identidades y antecedentes.<\/p>\n\n\n\n<p>Aunque por tratarse de una investigaci\u00f3n en curso no se entregaron m\u00e1s antecedentes, las autoridades recalcaron que el refuerzo busca prevenir riesgos y resguardar la seguridad regional.<\/p>\n\n\n\n<p>En Los Lagos, los puntos bajo especial vigilancia incluyen los pasos fronterizos Cardenal Samor\u00e9, Peulla, El L\u00edmite y R\u00edo Encuentro.<\/p>\n","protected":false},"excerpt":{"rendered":"<p>En la regi\u00f3n de Los Lagos se intensificaron los controles en pasos y complejos fronterizos ante la alerta roja emitida en Santa Cruz, Argentina, por la presunta presencia de Alberto..<\/p>\n","protected":false},"author":2,"featured_media":13068,"comment_status":"closed","ping_status":"open","sticky":false,"template":"","format":"standard","meta":{"footnotes":""},"categories":[1,28,51,53,54,52,55,56],"tags":[],"class_list":["post-13067","post","type-post","status-publish","format-standard","has-post-thumbnail","hentry","category-acontecer","category-actual","category-chiloe","category-mundo","category-lago-llanquihue","category-chile","category-osorno","category-puerto-montt"],"rttpg_featured_image_url":{"full":["https:\/\/elconquistadorredloslagos.cl\/test\/wp-content\/uploads\/2025\/08\/Sin-titulo-1-Recuperado-1.jpg",1920,1080,false],"landscape":["https:\/\/elconquistadorredloslagos.cl\/test\/wp-content\/uploads\/2025\/08\/Sin-titulo-1-Recuperado-1.jpg",1920,1080,false],"portraits":["https:\/\/elconquistadorredloslagos.cl\/test\/wp-content\/uploads\/2025\/08\/Sin-titulo-1-Recuperado-1.jpg",1920,1080,false],"thumbnail":["https:\/\/elconquistadorredloslagos.cl\/test\/wp-content\/uploads\/2025\/08\/Sin-titulo-1-Recuperado-1-150x150.jpg",150,150,true],"medium":["https:\/\/elconquistadorredloslagos.cl\/test\/wp-content\/uploads\/2025\/08\/Sin-titulo-1-Recuperado-1-300x169.jpg",300,169,true],"large":["https:\/\/elconquistadorredloslagos.cl\/test\/wp-content\/uploads\/2025\/08\/Sin-titulo-1-Recuperado-1-1024x576.jpg",1024,576,true],"1536x1536":["https:\/\/elconquistadorredloslagos.cl\/test\/wp-content\/uploads\/2025\/08\/Sin-titulo-1-Recuperado-1-1536x864.jpg",1536,864,true],"2048x2048":["https:\/\/elconquistadorredloslagos.cl\/test\/wp-content\/uploads\/2025\/08\/Sin-titulo-1-Recuperado-1.jpg",1920,1080,false]},"rttpg_author":{"display_name":"ccardenas","author_link":"https:\/\/elconquistadorredloslagos.cl\/test\/blog\/author\/ccardenas\/"},"rttpg_comment":0,"rttpg_category":"<a href=\"https:\/\/elconquistadorredloslagos.cl\/test\/blog\/category\/actual\/acontecer\/\" rel=\"category tag\">Acontecer<\/a> <a href=\"https:\/\/elconquistadorredloslagos.cl\/test\/blog\/category\/actual\/\" rel=\"category tag\">Actualidad<\/a> <a href=\"https:\/\/elconquistadorredloslagos.cl\/test\/blog\/category\/chile\/chiloe\/\" rel=\"category tag\">Chilo\u00e9<\/a> <a href=\"https:\/\/elconquistadorredloslagos.cl\/test\/blog\/category\/mundo\/\" rel=\"category tag\">Internacional<\/a> <a href=\"https:\/\/elconquistadorredloslagos.cl\/test\/blog\/category\/chile\/lago-llanquihue\/\" rel=\"category tag\">Lago LLanquihue<\/a> <a href=\"https:\/\/elconquistadorredloslagos.cl\/test\/blog\/category\/chile\/\" rel=\"category tag\">Nacional<\/a> <a href=\"https:\/\/elconquistadorredloslagos.cl\/test\/blog\/category\/chile\/osorno\/\" rel=\"category tag\">Osorno<\/a> <a href=\"https:\/\/elconquistadorredloslagos.cl\/test\/blog\/category\/chile\/puerto-montt\/\" rel=\"category tag\">Puerto Montt<\/a>","rttpg_excerpt":"En la regi\u00f3n de Los Lagos se intensificaron los controles en pasos y complejos fronterizos ante la alerta roja emitida en Santa Cruz, Argentina, por la presunta presencia de Alberto..","_links":{"self":[{"href":"https:\/\/elconquistadorredloslagos.cl\/test\/wp-json\/wp\/v2\/posts\/13067","targetHints":{"allow":["GET"]}}],"collection":[{"href":"https:\/\/elconquistadorredloslagos.cl\/test\/wp-json\/wp\/v2\/posts"}],"about":[{"href":"https:\/\/elconquistadorredloslagos.cl\/test\/wp-json\/wp\/v2\/types\/post"}],"author":[{"embeddable":true,"href":"https:\/\/elconquistadorredloslagos.cl\/test\/wp-json\/wp\/v2\/users\/2"}],"replies":[{"embeddable":true,"href":"https:\/\/elconquistadorredloslagos.cl\/test\/wp-json\/wp\/v2\/comments?post=13067"}],"version-history":[{"count":1,"href":"https:\/\/elconquistadorredloslagos.cl\/test\/wp-json\/wp\/v2\/posts\/13067\/revisions"}],"predecessor-version":[{"id":13069,"href":"https:\/\/elconquistadorredloslagos.cl\/test\/wp-json\/wp\/v2\/posts\/13067\/revisions\/13069"}],"wp:featuredmedia":[{"embeddable":true,"href":"https:\/\/elconquistadorredloslagos.cl\/test\/wp-json\/wp\/v2\/media\/13068"}],"wp:attachment":[{"href":"https:\/\/elconquistadorredloslagos.cl\/test\/wp-json\/wp\/v2\/media?parent=13067"}],"wp:term":[{"taxonomy":"category","embeddable":true,"href":"https:\/\/elconquistadorredloslagos.cl\/test\/wp-json\/wp\/v2\/categories?post=13067"},{"taxonomy":"post_tag","embeddable":true,"href":"https:\/\/elconquistadorredloslagos.cl\/test\/wp-json\/wp\/v2\/tags?post=13067"}],"curies":[{"name":"wp","href":"https:\/\/api.w.org\/{rel}","templated":true}]}}