{"id":13062,"date":"2025-08-12T15:47:28","date_gmt":"2025-08-12T19:47:28","guid":{"rendered":"https:\/\/elconquistadorredloslagos.cl\/test\/?p=13062"},"modified":"2025-08-12T16:03:59","modified_gmt":"2025-08-12T20:03:59","slug":"hallazgo-en-cerro-de-quellon-resuelve-enigma-de-joven-desaparecido","status":"publish","type":"post","link":"https:\/\/elconquistadorredloslagos.cl\/test\/blog\/2025\/08\/12\/hallazgo-en-cerro-de-quellon-resuelve-enigma-de-joven-desaparecido\/","title":{"rendered":"Hallazgo en cerro de Quell\u00f3n resuelve enigma de joven desaparecido"},"content":{"rendered":"\n<p>La Fiscal\u00eda Local de Quell\u00f3n confirm\u00f3 la identidad del cuerpo encontrado el lunes en el sector cerro Millaldeo, sector Villa Las Antenas en la comuna de Quell\u00f3n. Tras diversas pericias realizadas por el Servicio M\u00e9dico Legal (SML), se practic\u00f3 la autopsia de la v\u00edctima y se obtuvo informaci\u00f3n dactilar que permiti\u00f3 establecer cient\u00edficamente que se trata de Joni Seguel Silva, de 29 a\u00f1os, quien estaba desaparecido desde el 29 de julio en la misma comuna.<\/p>\n\n\n\n<p>El hallazgo fue comunicado a la familia para iniciar los tr\u00e1mites correspondientes. Seg\u00fan precis\u00f3 el fiscal, Fabi\u00e1n Fern\u00e1ndez, las diligencias investigativas contin\u00faan con el objetivo de esclarecer las circunstancias del deceso.<\/p>\n\n\n\n<figure class=\"wp-block-audio\"><audio controls src=\"https:\/\/elconquistadorredloslagos.cl\/test\/wp-content\/uploads\/2025\/08\/CUNA-FISCAL-QUELLON-X-HALLAZGO.mp3\"><\/audio><\/figure>\n\n\n\n<p>Se reiter\u00f3 que toda informaci\u00f3n que pueda aportar la comunidad ser\u00e1 clave para avanzar en el esclarecimiento del caso<\/p>\n","protected":false},"excerpt":{"rendered":"<p>La Fiscal\u00eda Local de Quell\u00f3n confirm\u00f3 la identidad del cuerpo encontrado el lunes en el sector cerro Millaldeo, sector Villa Las Antenas en la comuna de Quell\u00f3n. Tras diversas pericias..<\/p>\n","protected":false},"author":2,"featured_media":13064,"comment_status":"closed","ping_status":"open","sticky":false,"template":"","format":"standard","meta":{"footnotes":""},"categories":[1,28,51],"tags":[],"class_list":["post-13062","post","type-post","status-publish","format-standard","has-post-thumbnail","hentry","category-acontecer","category-actual","category-chiloe"],"rttpg_featured_image_url":{"full":["https:\/\/elconquistadorredloslagos.cl\/test\/wp-content\/uploads\/2025\/08\/Sin-titulo-1-Recuperado.jpg",1920,1080,false],"landscape":["https:\/\/elconquistadorredloslagos.cl\/test\/wp-content\/uploads\/2025\/08\/Sin-titulo-1-Recuperado.jpg",1920,1080,false],"portraits":["https:\/\/elconquistadorredloslagos.cl\/test\/wp-content\/uploads\/2025\/08\/Sin-titulo-1-Recuperado.jpg",1920,1080,false],"thumbnail":["https:\/\/elconquistadorredloslagos.cl\/test\/wp-content\/uploads\/2025\/08\/Sin-titulo-1-Recuperado-150x150.jpg",150,150,true],"medium":["https:\/\/elconquistadorredloslagos.cl\/test\/wp-content\/uploads\/2025\/08\/Sin-titulo-1-Recuperado-300x169.jpg",300,169,true],"large":["https:\/\/elconquistadorredloslagos.cl\/test\/wp-content\/uploads\/2025\/08\/Sin-titulo-1-Recuperado-1024x576.jpg",1024,576,true],"1536x1536":["https:\/\/elconquistadorredloslagos.cl\/test\/wp-content\/uploads\/2025\/08\/Sin-titulo-1-Recuperado-1536x864.jpg",1536,864,true],"2048x2048":["https:\/\/elconquistadorredloslagos.cl\/test\/wp-content\/uploads\/2025\/08\/Sin-titulo-1-Recuperado.jpg",1920,1080,false]},"rttpg_author":{"display_name":"ccardenas","author_link":"https:\/\/elconquistadorredloslagos.cl\/test\/blog\/author\/ccardenas\/"},"rttpg_comment":0,"rttpg_category":"<a href=\"https:\/\/elconquistadorredloslagos.cl\/test\/blog\/category\/actual\/acontecer\/\" rel=\"category tag\">Acontecer<\/a> <a href=\"https:\/\/elconquistadorredloslagos.cl\/test\/blog\/category\/actual\/\" rel=\"category tag\">Actualidad<\/a> <a href=\"https:\/\/elconquistadorredloslagos.cl\/test\/blog\/category\/chile\/chiloe\/\" rel=\"category tag\">Chilo\u00e9<\/a>","rttpg_excerpt":"La Fiscal\u00eda Local de Quell\u00f3n confirm\u00f3 la identidad del cuerpo encontrado el lunes en el sector cerro Millaldeo, sector Villa Las Antenas en la comuna de Quell\u00f3n. Tras diversas pericias..","_links":{"self":[{"href":"https:\/\/elconquistadorredloslagos.cl\/test\/wp-json\/wp\/v2\/posts\/13062","targetHints":{"allow":["GET"]}}],"collection":[{"href":"https:\/\/elconquistadorredloslagos.cl\/test\/wp-json\/wp\/v2\/posts"}],"about":[{"href":"https:\/\/elconquistadorredloslagos.cl\/test\/wp-json\/wp\/v2\/types\/post"}],"author":[{"embeddable":true,"href":"https:\/\/elconquistadorredloslagos.cl\/test\/wp-json\/wp\/v2\/users\/2"}],"replies":[{"embeddable":true,"href":"https:\/\/elconquistadorredloslagos.cl\/test\/wp-json\/wp\/v2\/comments?post=13062"}],"version-history":[{"count":2,"href":"https:\/\/elconquistadorredloslagos.cl\/test\/wp-json\/wp\/v2\/posts\/13062\/revisions"}],"predecessor-version":[{"id":13066,"href":"https:\/\/elconquistadorredloslagos.cl\/test\/wp-json\/wp\/v2\/posts\/13062\/revisions\/13066"}],"wp:featuredmedia":[{"embeddable":true,"href":"https:\/\/elconquistadorredloslagos.cl\/test\/wp-json\/wp\/v2\/media\/13064"}],"wp:attachment":[{"href":"https:\/\/elconquistadorredloslagos.cl\/test\/wp-json\/wp\/v2\/media?parent=13062"}],"wp:term":[{"taxonomy":"category","embeddable":true,"href":"https:\/\/elconquistadorredloslagos.cl\/test\/wp-json\/wp\/v2\/categories?post=13062"},{"taxonomy":"post_tag","embeddable":true,"href":"https:\/\/elconquistadorredloslagos.cl\/test\/wp-json\/wp\/v2\/tags?post=13062"}],"curies":[{"name":"wp","href":"https:\/\/api.w.org\/{rel}","templated":true}]}}