{"id":13055,"date":"2025-08-12T14:24:06","date_gmt":"2025-08-12T18:24:06","guid":{"rendered":"https:\/\/elconquistadorredloslagos.cl\/test\/?p=13055"},"modified":"2025-08-12T14:24:07","modified_gmt":"2025-08-12T18:24:07","slug":"quellon-impulsa-acceso-universal-a-la-salud-con-acuerdo-tripartito","status":"publish","type":"post","link":"https:\/\/elconquistadorredloslagos.cl\/test\/blog\/2025\/08\/12\/quellon-impulsa-acceso-universal-a-la-salud-con-acuerdo-tripartito\/","title":{"rendered":"Quell\u00f3n impulsa Acceso Universal a la salud con acuerdo tripartito"},"content":{"rendered":"\n<p>Quell\u00f3n dio un paso hist\u00f3rico para garantizar la Atenci\u00f3n Primaria de Salud Universal en la comuna, tras la firma de un Acuerdo Administrativo Tripartito entre la Seremi de Salud de Los Lagos, el Servicio de Salud Chilo\u00e9 y la Municipalidad local.<\/p>\n\n\n\n<p>El convenio, que estar\u00e1 vigente hasta diciembre de 2025 y contar\u00e1 con seguimiento mensual, busca asegurar el acceso y cobertura sanitaria para todos los habitantes, tanto en el centro urbano como en las zonas m\u00e1s remotas.<\/p>\n\n\n\n<p>Entre las medidas destacan la inscripci\u00f3n universal en el centro de salud m\u00e1s cercano, mejoras en infraestructura sanitaria, equipamiento actualizado, y un abastecimiento oportuno de medicamentos e insumos. Adem\u00e1s, se fortalecer\u00e1n las competencias de los equipos de salud y se implementar\u00e1 telemedicina en todas las postas rurales.<\/p>\n\n\n\n<p>La Seremi Karen Sol\u00eds enfatiz\u00f3 que este acuerdo permitir\u00e1 llevar atenci\u00f3n de calidad a cada rinc\u00f3n de la comuna.<\/p>\n\n\n\n<figure class=\"wp-block-audio\"><audio controls src=\"https:\/\/elconquistadorredloslagos.cl\/test\/wp-content\/uploads\/2025\/08\/CUNA-KARIN-SOLIS.mp3\"><\/audio><\/figure>\n\n\n\n<p>Por su parte, Marcela C\u00e1rcamo, directora del Servicio de Salud Chilo\u00e9, resalt\u00f3 que la iniciativa ampliar\u00e1 la cobertura y mejorar\u00e1 las condiciones laborales del personal m\u00e9dico.<\/p>\n\n\n\n<figure class=\"wp-block-audio\"><audio controls src=\"https:\/\/elconquistadorredloslagos.cl\/test\/wp-content\/uploads\/2025\/08\/CUNA-MARCELA-CARCAMO.mp3\"><\/audio><\/figure>\n\n\n\n<p>Desde la mirada de los usuarios, este nuevo plan de trabajo fue altamente valorado.<\/p>\n\n\n\n<figure class=\"wp-block-audio\"><audio controls src=\"https:\/\/elconquistadorredloslagos.cl\/test\/wp-content\/uploads\/2025\/08\/CUNA-USUARIO.mp3\"><\/audio><\/figure>\n\n\n\n<p>El alcalde Claudio Barudy se\u00f1al\u00f3 que el convenio ya ha facilitado la incorporaci\u00f3n de personas que antes no estaban en el sistema de atenci\u00f3n primaria, reafirmando el compromiso de lograr una cobertura m\u00e1s amplia, equitativa y cercana a la comunidad.<\/p>\n\n\n\n<figure class=\"wp-block-audio\"><audio controls src=\"https:\/\/elconquistadorredloslagos.cl\/test\/wp-content\/uploads\/2025\/08\/CUNA-ALCALDE-QUELLON.mp3\"><\/audio><\/figure>\n\n\n\n<p>La firma se realiz\u00f3 en el marco del Segundo Di\u00e1logo Ciudadano sobre APS Universal, donde autoridades y vecinos renovaron su compromiso por una salud m\u00e1s humana y centrada en las personas.<\/p>\n\n\n\n<p><\/p>\n","protected":false},"excerpt":{"rendered":"<p>Quell\u00f3n dio un paso hist\u00f3rico para garantizar la Atenci\u00f3n Primaria de Salud Universal en la comuna, tras la firma de un Acuerdo Administrativo Tripartito entre la Seremi de Salud de..<\/p>\n","protected":false},"author":2,"featured_media":13060,"comment_status":"closed","ping_status":"open","sticky":false,"template":"","format":"standard","meta":{"footnotes":""},"categories":[1,28,51],"tags":[],"class_list":["post-13055","post","type-post","status-publish","format-standard","has-post-thumbnail","hentry","category-acontecer","category-actual","category-chiloe"],"rttpg_featured_image_url":{"full":["https:\/\/elconquistadorredloslagos.cl\/test\/wp-content\/uploads\/2025\/08\/IMG-.jpg",1920,1080,false],"landscape":["https:\/\/elconquistadorredloslagos.cl\/test\/wp-content\/uploads\/2025\/08\/IMG-.jpg",1920,1080,false],"portraits":["https:\/\/elconquistadorredloslagos.cl\/test\/wp-content\/uploads\/2025\/08\/IMG-.jpg",1920,1080,false],"thumbnail":["https:\/\/elconquistadorredloslagos.cl\/test\/wp-content\/uploads\/2025\/08\/IMG--150x150.jpg",150,150,true],"medium":["https:\/\/elconquistadorredloslagos.cl\/test\/wp-content\/uploads\/2025\/08\/IMG--300x169.jpg",300,169,true],"large":["https:\/\/elconquistadorredloslagos.cl\/test\/wp-content\/uploads\/2025\/08\/IMG--1024x576.jpg",1024,576,true],"1536x1536":["https:\/\/elconquistadorredloslagos.cl\/test\/wp-content\/uploads\/2025\/08\/IMG--1536x864.jpg",1536,864,true],"2048x2048":["https:\/\/elconquistadorredloslagos.cl\/test\/wp-content\/uploads\/2025\/08\/IMG-.jpg",1920,1080,false]},"rttpg_author":{"display_name":"ccardenas","author_link":"https:\/\/elconquistadorredloslagos.cl\/test\/blog\/author\/ccardenas\/"},"rttpg_comment":0,"rttpg_category":"<a href=\"https:\/\/elconquistadorredloslagos.cl\/test\/blog\/category\/actual\/acontecer\/\" rel=\"category tag\">Acontecer<\/a> <a href=\"https:\/\/elconquistadorredloslagos.cl\/test\/blog\/category\/actual\/\" rel=\"category tag\">Actualidad<\/a> <a href=\"https:\/\/elconquistadorredloslagos.cl\/test\/blog\/category\/chile\/chiloe\/\" rel=\"category tag\">Chilo\u00e9<\/a>","rttpg_excerpt":"Quell\u00f3n dio un paso hist\u00f3rico para garantizar la Atenci\u00f3n Primaria de Salud Universal en la comuna, tras la firma de un Acuerdo Administrativo Tripartito entre la Seremi de Salud de..","_links":{"self":[{"href":"https:\/\/elconquistadorredloslagos.cl\/test\/wp-json\/wp\/v2\/posts\/13055","targetHints":{"allow":["GET"]}}],"collection":[{"href":"https:\/\/elconquistadorredloslagos.cl\/test\/wp-json\/wp\/v2\/posts"}],"about":[{"href":"https:\/\/elconquistadorredloslagos.cl\/test\/wp-json\/wp\/v2\/types\/post"}],"author":[{"embeddable":true,"href":"https:\/\/elconquistadorredloslagos.cl\/test\/wp-json\/wp\/v2\/users\/2"}],"replies":[{"embeddable":true,"href":"https:\/\/elconquistadorredloslagos.cl\/test\/wp-json\/wp\/v2\/comments?post=13055"}],"version-history":[{"count":1,"href":"https:\/\/elconquistadorredloslagos.cl\/test\/wp-json\/wp\/v2\/posts\/13055\/revisions"}],"predecessor-version":[{"id":13061,"href":"https:\/\/elconquistadorredloslagos.cl\/test\/wp-json\/wp\/v2\/posts\/13055\/revisions\/13061"}],"wp:featuredmedia":[{"embeddable":true,"href":"https:\/\/elconquistadorredloslagos.cl\/test\/wp-json\/wp\/v2\/media\/13060"}],"wp:attachment":[{"href":"https:\/\/elconquistadorredloslagos.cl\/test\/wp-json\/wp\/v2\/media?parent=13055"}],"wp:term":[{"taxonomy":"category","embeddable":true,"href":"https:\/\/elconquistadorredloslagos.cl\/test\/wp-json\/wp\/v2\/categories?post=13055"},{"taxonomy":"post_tag","embeddable":true,"href":"https:\/\/elconquistadorredloslagos.cl\/test\/wp-json\/wp\/v2\/tags?post=13055"}],"curies":[{"name":"wp","href":"https:\/\/api.w.org\/{rel}","templated":true}]}}