{"id":13023,"date":"2025-08-11T17:32:44","date_gmt":"2025-08-11T21:32:44","guid":{"rendered":"https:\/\/elconquistadorredloslagos.cl\/test\/?p=13023"},"modified":"2025-08-11T17:32:45","modified_gmt":"2025-08-11T21:32:45","slug":"deslizamiento-en-puerto-montt-obliga-a-evacuar-a-vecinos-de-poblacion-modelo","status":"publish","type":"post","link":"https:\/\/elconquistadorredloslagos.cl\/test\/blog\/2025\/08\/11\/deslizamiento-en-puerto-montt-obliga-a-evacuar-a-vecinos-de-poblacion-modelo\/","title":{"rendered":"Deslizamiento en Puerto Montt obliga a evacuar a vecinos de poblaci\u00f3n Modelo"},"content":{"rendered":"\n<p>Un deslizamiento de tierra en poblaci\u00f3n Modelo, Puerto Montt, llev\u00f3 a la evacuaci\u00f3n preventiva de unas 15 personas durante la jornada de este lunes. La emergencia se produjo tras las intensas lluvias que, seg\u00fan las primeras evaluaciones, provocaron el reblandecimiento del terreno y pusieron en riesgo a dos viviendas situadas en la ladera del antiguo barrio.<\/p>\n\n\n\n<p>Como medida de seguridad, se suspendi\u00f3 el tr\u00e1nsito en la intersecci\u00f3n de avenida Santa Mar\u00eda con An\u00edbal Pinto, mientras equipos municipales y t\u00e9cnicos del Servicio Nacional de Geolog\u00eda y Miner\u00eda (SERNAGEOMIN) realizan inspecciones para determinar la estabilidad del sector y eventuales medidas adicionales.<\/p>\n\n\n\n<p>Los vecinos afectados fueron trasladados al gimnasio de la misma poblaci\u00f3n, donde permanecen a la espera de las resoluciones de las autoridades. La Direcci\u00f3n de Desarrollo Comunitario (DIDECO) inici\u00f3 la entrega de ayuda social para las familias, mientras se contin\u00faa el monitoreo de la zona ante el riesgo de nuevos desprendimientos.<\/p>\n\n\n\n<p>\ud83d\udcf7 Club de Emergencia D\u00e9cima Regi\u00f3n<\/p>\n","protected":false},"excerpt":{"rendered":"<p>Un deslizamiento de tierra en poblaci\u00f3n Modelo, Puerto Montt, llev\u00f3 a la evacuaci\u00f3n preventiva de unas 15 personas durante la jornada de este lunes. La emergencia se produjo tras las..<\/p>\n","protected":false},"author":2,"featured_media":13024,"comment_status":"closed","ping_status":"open","sticky":false,"template":"","format":"standard","meta":{"footnotes":""},"categories":[1,28,56],"tags":[],"class_list":["post-13023","post","type-post","status-publish","format-standard","has-post-thumbnail","hentry","category-acontecer","category-actual","category-puerto-montt"],"rttpg_featured_image_url":{"full":["https:\/\/elconquistadorredloslagos.cl\/test\/wp-content\/uploads\/2025\/08\/img_-10.jpg",1920,1080,false],"landscape":["https:\/\/elconquistadorredloslagos.cl\/test\/wp-content\/uploads\/2025\/08\/img_-10.jpg",1920,1080,false],"portraits":["https:\/\/elconquistadorredloslagos.cl\/test\/wp-content\/uploads\/2025\/08\/img_-10.jpg",1920,1080,false],"thumbnail":["https:\/\/elconquistadorredloslagos.cl\/test\/wp-content\/uploads\/2025\/08\/img_-10-150x150.jpg",150,150,true],"medium":["https:\/\/elconquistadorredloslagos.cl\/test\/wp-content\/uploads\/2025\/08\/img_-10-300x169.jpg",300,169,true],"large":["https:\/\/elconquistadorredloslagos.cl\/test\/wp-content\/uploads\/2025\/08\/img_-10-1024x576.jpg",1024,576,true],"1536x1536":["https:\/\/elconquistadorredloslagos.cl\/test\/wp-content\/uploads\/2025\/08\/img_-10-1536x864.jpg",1536,864,true],"2048x2048":["https:\/\/elconquistadorredloslagos.cl\/test\/wp-content\/uploads\/2025\/08\/img_-10.jpg",1920,1080,false]},"rttpg_author":{"display_name":"ccardenas","author_link":"https:\/\/elconquistadorredloslagos.cl\/test\/blog\/author\/ccardenas\/"},"rttpg_comment":0,"rttpg_category":"<a href=\"https:\/\/elconquistadorredloslagos.cl\/test\/blog\/category\/actual\/acontecer\/\" rel=\"category tag\">Acontecer<\/a> <a href=\"https:\/\/elconquistadorredloslagos.cl\/test\/blog\/category\/actual\/\" rel=\"category tag\">Actualidad<\/a> <a href=\"https:\/\/elconquistadorredloslagos.cl\/test\/blog\/category\/chile\/puerto-montt\/\" rel=\"category tag\">Puerto Montt<\/a>","rttpg_excerpt":"Un deslizamiento de tierra en poblaci\u00f3n Modelo, Puerto Montt, llev\u00f3 a la evacuaci\u00f3n preventiva de unas 15 personas durante la jornada de este lunes. La emergencia se produjo tras las..","_links":{"self":[{"href":"https:\/\/elconquistadorredloslagos.cl\/test\/wp-json\/wp\/v2\/posts\/13023","targetHints":{"allow":["GET"]}}],"collection":[{"href":"https:\/\/elconquistadorredloslagos.cl\/test\/wp-json\/wp\/v2\/posts"}],"about":[{"href":"https:\/\/elconquistadorredloslagos.cl\/test\/wp-json\/wp\/v2\/types\/post"}],"author":[{"embeddable":true,"href":"https:\/\/elconquistadorredloslagos.cl\/test\/wp-json\/wp\/v2\/users\/2"}],"replies":[{"embeddable":true,"href":"https:\/\/elconquistadorredloslagos.cl\/test\/wp-json\/wp\/v2\/comments?post=13023"}],"version-history":[{"count":1,"href":"https:\/\/elconquistadorredloslagos.cl\/test\/wp-json\/wp\/v2\/posts\/13023\/revisions"}],"predecessor-version":[{"id":13025,"href":"https:\/\/elconquistadorredloslagos.cl\/test\/wp-json\/wp\/v2\/posts\/13023\/revisions\/13025"}],"wp:featuredmedia":[{"embeddable":true,"href":"https:\/\/elconquistadorredloslagos.cl\/test\/wp-json\/wp\/v2\/media\/13024"}],"wp:attachment":[{"href":"https:\/\/elconquistadorredloslagos.cl\/test\/wp-json\/wp\/v2\/media?parent=13023"}],"wp:term":[{"taxonomy":"category","embeddable":true,"href":"https:\/\/elconquistadorredloslagos.cl\/test\/wp-json\/wp\/v2\/categories?post=13023"},{"taxonomy":"post_tag","embeddable":true,"href":"https:\/\/elconquistadorredloslagos.cl\/test\/wp-json\/wp\/v2\/tags?post=13023"}],"curies":[{"name":"wp","href":"https:\/\/api.w.org\/{rel}","templated":true}]}}