{"id":13013,"date":"2025-08-11T13:58:14","date_gmt":"2025-08-11T17:58:14","guid":{"rendered":"https:\/\/elconquistadorredloslagos.cl\/test\/?p=13013"},"modified":"2025-08-11T13:58:14","modified_gmt":"2025-08-11T17:58:14","slug":"incendios-devoran-viviendas-en-ancud-y-castro-dos-casas-destruidas-y-cuatro-damnificados-en-menos-de-48-horas","status":"publish","type":"post","link":"https:\/\/elconquistadorredloslagos.cl\/test\/blog\/2025\/08\/11\/incendios-devoran-viviendas-en-ancud-y-castro-dos-casas-destruidas-y-cuatro-damnificados-en-menos-de-48-horas\/","title":{"rendered":"Incendios devoran viviendas en Ancud y Castro: Dos casas destruidas y cuatro damnificados en menos de 48 horas"},"content":{"rendered":"\n<p>Un violento incendio consumi\u00f3 por completo una vivienda de dos pisos en el sector Caicumeo, en Ancud, la ma\u00f1ana del pasado s\u00e1bado 9 de agosto. El inmueble, de grandes dimensiones, se encontraba sin moradores al momento de la emergencia.<\/p>\n\n\n\n<p>De acuerdo con el comandante del Cuerpo de Bomberos de Ancud, Eduardo D\u00edaz, la alarma se recibi\u00f3 a las 09.40 horas, informando sobre un fuego en fase de libre combusti\u00f3n.<\/p>\n\n\n\n<figure class=\"wp-block-audio\"><audio controls src=\"https:\/\/elconquistadorredloslagos.cl\/test\/wp-content\/uploads\/2025\/08\/CUNA-BOMBEROS-ANCUD-1.mp3\"><\/audio><\/figure>\n\n\n\n<p>La ausencia de personas en el lugar permiti\u00f3 que las labores se concentraran en evitar la propagaci\u00f3n a otras propiedades.<\/p>\n\n\n\n<figure class=\"wp-block-audio\"><audio controls src=\"https:\/\/elconquistadorredloslagos.cl\/test\/wp-content\/uploads\/2025\/08\/CUNA-BOMBEROS-ANCUD-2.mp3\"><\/audio><\/figure>\n\n\n\n<p>Seg\u00fan los antecedentes recabados, los due\u00f1os no se encontraban en la casa y resid\u00edan en otro sector. La vivienda result\u00f3 con p\u00e9rdida total y una parte de su estructura colaps\u00f3 debido a los da\u00f1os. Bomberos inform\u00f3 que su departamento de estudios t\u00e9cnicos realizar\u00e1 una investigaci\u00f3n para determinar las causas y el origen del fuego.<\/p>\n\n\n\n<p>Otro incendio ocurrido este domingo 10 de agosto en el sector Villa Altos de Chilo\u00e9 en Castro, dej\u00f3 como saldo dos casas de dos pisos completamente consumidas por las llamas. Adem\u00e1s, una tercera residencia sufri\u00f3 da\u00f1os por radiaci\u00f3n, seg\u00fan inform\u00f3 el segundo comandante del Cuerpo de Bomberos local, Patricio Torres. La emergencia dej\u00f3 a cuatro personas damnificadas, mientras las autoridades trabajan en evaluar los da\u00f1os y apoyar a los afectados.<\/p>\n\n\n\n<figure class=\"wp-block-audio\"><audio controls src=\"https:\/\/elconquistadorredloslagos.cl\/test\/wp-content\/uploads\/2025\/08\/CUNA-INCENDIO-CASTRO.mp3\"><\/audio><\/figure>\n\n\n\n<p>Desde Bomberos, se lanz\u00f3 un llamado a la comunidad para extremar precauciones en los sistemas de calefacci\u00f3n, principalmente en esta \u00e9poca de bajas temperaturas. Insisten en la importancia de mantener los artefactos en condiciones \u00f3ptimas, realizar inspecciones peri\u00f3dicas y asegurarse que cumplan con las normas de seguridad para evitar tragedias similares.<\/p>\n\n\n\n<p>\ud83d\udcf7 Redes sociales<\/p>\n","protected":false},"excerpt":{"rendered":"<p>Un violento incendio consumi\u00f3 por completo una vivienda de dos pisos en el sector Caicumeo, en Ancud, la ma\u00f1ana del pasado s\u00e1bado 9 de agosto. El inmueble, de grandes dimensiones,..<\/p>\n","protected":false},"author":2,"featured_media":13017,"comment_status":"closed","ping_status":"open","sticky":false,"template":"","format":"standard","meta":{"footnotes":""},"categories":[1,28,51],"tags":[],"class_list":["post-13013","post","type-post","status-publish","format-standard","has-post-thumbnail","hentry","category-acontecer","category-actual","category-chiloe"],"rttpg_featured_image_url":{"full":["https:\/\/elconquistadorredloslagos.cl\/test\/wp-content\/uploads\/2025\/08\/Incendios.jpg",1920,1080,false],"landscape":["https:\/\/elconquistadorredloslagos.cl\/test\/wp-content\/uploads\/2025\/08\/Incendios.jpg",1920,1080,false],"portraits":["https:\/\/elconquistadorredloslagos.cl\/test\/wp-content\/uploads\/2025\/08\/Incendios.jpg",1920,1080,false],"thumbnail":["https:\/\/elconquistadorredloslagos.cl\/test\/wp-content\/uploads\/2025\/08\/Incendios-150x150.jpg",150,150,true],"medium":["https:\/\/elconquistadorredloslagos.cl\/test\/wp-content\/uploads\/2025\/08\/Incendios-300x169.jpg",300,169,true],"large":["https:\/\/elconquistadorredloslagos.cl\/test\/wp-content\/uploads\/2025\/08\/Incendios-1024x576.jpg",1024,576,true],"1536x1536":["https:\/\/elconquistadorredloslagos.cl\/test\/wp-content\/uploads\/2025\/08\/Incendios-1536x864.jpg",1536,864,true],"2048x2048":["https:\/\/elconquistadorredloslagos.cl\/test\/wp-content\/uploads\/2025\/08\/Incendios.jpg",1920,1080,false]},"rttpg_author":{"display_name":"ccardenas","author_link":"https:\/\/elconquistadorredloslagos.cl\/test\/blog\/author\/ccardenas\/"},"rttpg_comment":0,"rttpg_category":"<a href=\"https:\/\/elconquistadorredloslagos.cl\/test\/blog\/category\/actual\/acontecer\/\" rel=\"category tag\">Acontecer<\/a> <a href=\"https:\/\/elconquistadorredloslagos.cl\/test\/blog\/category\/actual\/\" rel=\"category tag\">Actualidad<\/a> <a href=\"https:\/\/elconquistadorredloslagos.cl\/test\/blog\/category\/chile\/chiloe\/\" rel=\"category tag\">Chilo\u00e9<\/a>","rttpg_excerpt":"Un violento incendio consumi\u00f3 por completo una vivienda de dos pisos en el sector Caicumeo, en Ancud, la ma\u00f1ana del pasado s\u00e1bado 9 de agosto. El inmueble, de grandes dimensiones,..","_links":{"self":[{"href":"https:\/\/elconquistadorredloslagos.cl\/test\/wp-json\/wp\/v2\/posts\/13013","targetHints":{"allow":["GET"]}}],"collection":[{"href":"https:\/\/elconquistadorredloslagos.cl\/test\/wp-json\/wp\/v2\/posts"}],"about":[{"href":"https:\/\/elconquistadorredloslagos.cl\/test\/wp-json\/wp\/v2\/types\/post"}],"author":[{"embeddable":true,"href":"https:\/\/elconquistadorredloslagos.cl\/test\/wp-json\/wp\/v2\/users\/2"}],"replies":[{"embeddable":true,"href":"https:\/\/elconquistadorredloslagos.cl\/test\/wp-json\/wp\/v2\/comments?post=13013"}],"version-history":[{"count":1,"href":"https:\/\/elconquistadorredloslagos.cl\/test\/wp-json\/wp\/v2\/posts\/13013\/revisions"}],"predecessor-version":[{"id":13018,"href":"https:\/\/elconquistadorredloslagos.cl\/test\/wp-json\/wp\/v2\/posts\/13013\/revisions\/13018"}],"wp:featuredmedia":[{"embeddable":true,"href":"https:\/\/elconquistadorredloslagos.cl\/test\/wp-json\/wp\/v2\/media\/13017"}],"wp:attachment":[{"href":"https:\/\/elconquistadorredloslagos.cl\/test\/wp-json\/wp\/v2\/media?parent=13013"}],"wp:term":[{"taxonomy":"category","embeddable":true,"href":"https:\/\/elconquistadorredloslagos.cl\/test\/wp-json\/wp\/v2\/categories?post=13013"},{"taxonomy":"post_tag","embeddable":true,"href":"https:\/\/elconquistadorredloslagos.cl\/test\/wp-json\/wp\/v2\/tags?post=13013"}],"curies":[{"name":"wp","href":"https:\/\/api.w.org\/{rel}","templated":true}]}}