{"id":12998,"date":"2025-08-11T13:25:07","date_gmt":"2025-08-11T17:25:07","guid":{"rendered":"https:\/\/elconquistadorredloslagos.cl\/test\/?p=12998"},"modified":"2025-08-11T13:28:14","modified_gmt":"2025-08-11T17:28:14","slug":"alerta-temprana-preventiva-vigente-en-los-lagos-por-sistema-frontal","status":"publish","type":"post","link":"https:\/\/elconquistadorredloslagos.cl\/test\/blog\/2025\/08\/11\/alerta-temprana-preventiva-vigente-en-los-lagos-por-sistema-frontal\/","title":{"rendered":"Alerta Temprana Preventiva vigente en Los Lagos por sistema frontal"},"content":{"rendered":"\n<p>La regi\u00f3n de Los Lagos mantiene una alerta temprana preventiva por el sistema frontal que ha provocado intensas lluvias y fuertes r\u00e1fagas de viento. Estas condiciones meteorol\u00f3gicas han afectado la conectividad vial en las provincias de Llanquihue y Palena, con cortes en varias rutas clave.<\/p>\n\n\n\n<p>Entre los incidentes se registra la suspensi\u00f3n del tr\u00e1nsito en la Ruta 225, espec\u00edficamente en el bad\u00e9n La Ventana de Puerto Varas, donde equipos t\u00e9cnicos realizan monitoreo constante para evaluar el estado de la v\u00eda. Adem\u00e1s, permanece cerrada la ruta bimodal Caleta La Arena \u2013 Puelche, afectada por marejadas y viento en el estuario del Reloncav\u00ed.<\/p>\n\n\n\n<p>En la Ruta B-691, en el sector del puente El Soldado G\u00f3mez, se detect\u00f3 un socav\u00f3n debidamente se\u00f1alizado. Personal de Vialidad trabaja en el lugar para evitar accidentes y asegurar la circulaci\u00f3n.<\/p>\n\n\n\n<p>El director regional del Servicio Nacional de Prevenci\u00f3n y Respuesta ante Desastres (SENAPRED), Mitzio Riquelme, hizo un llamado a la poblaci\u00f3n a evitar desplazamientos innecesarios, respetar las se\u00f1alizaciones y seguir las informaciones oficiales. La autoridad enfatiz\u00f3 la necesidad de extremar precauciones, especialmente en zonas costeras y cercanas a cuerpos de agua, por el riesgo de crecidas y deslizamientos.<\/p>\n\n\n\n<figure class=\"wp-block-video\"><video height=\"1080\" style=\"aspect-ratio: 1920 \/ 1080;\" width=\"1920\" controls src=\"https:\/\/elconquistadorredloslagos.cl\/test\/wp-content\/uploads\/2025\/08\/mov-1.mp4\"><\/video><\/figure>\n","protected":false},"excerpt":{"rendered":"<p>La regi\u00f3n de Los Lagos mantiene una alerta temprana preventiva por el sistema frontal que ha provocado intensas lluvias y fuertes r\u00e1fagas de viento. Estas condiciones meteorol\u00f3gicas han afectado la..<\/p>\n","protected":false},"author":2,"featured_media":13000,"comment_status":"closed","ping_status":"open","sticky":false,"template":"","format":"standard","meta":{"footnotes":""},"categories":[28],"tags":[],"class_list":["post-12998","post","type-post","status-publish","format-standard","has-post-thumbnail","hentry","category-actual"],"rttpg_featured_image_url":{"full":["https:\/\/elconquistadorredloslagos.cl\/test\/wp-content\/uploads\/2025\/08\/img_-5.jpg",1920,1080,false],"landscape":["https:\/\/elconquistadorredloslagos.cl\/test\/wp-content\/uploads\/2025\/08\/img_-5.jpg",1920,1080,false],"portraits":["https:\/\/elconquistadorredloslagos.cl\/test\/wp-content\/uploads\/2025\/08\/img_-5.jpg",1920,1080,false],"thumbnail":["https:\/\/elconquistadorredloslagos.cl\/test\/wp-content\/uploads\/2025\/08\/img_-5-150x150.jpg",150,150,true],"medium":["https:\/\/elconquistadorredloslagos.cl\/test\/wp-content\/uploads\/2025\/08\/img_-5-300x169.jpg",300,169,true],"large":["https:\/\/elconquistadorredloslagos.cl\/test\/wp-content\/uploads\/2025\/08\/img_-5-1024x576.jpg",1024,576,true],"1536x1536":["https:\/\/elconquistadorredloslagos.cl\/test\/wp-content\/uploads\/2025\/08\/img_-5-1536x864.jpg",1536,864,true],"2048x2048":["https:\/\/elconquistadorredloslagos.cl\/test\/wp-content\/uploads\/2025\/08\/img_-5.jpg",1920,1080,false]},"rttpg_author":{"display_name":"ccardenas","author_link":"https:\/\/elconquistadorredloslagos.cl\/test\/blog\/author\/ccardenas\/"},"rttpg_comment":0,"rttpg_category":"<a href=\"https:\/\/elconquistadorredloslagos.cl\/test\/blog\/category\/actual\/\" rel=\"category tag\">Actualidad<\/a>","rttpg_excerpt":"La regi\u00f3n de Los Lagos mantiene una alerta temprana preventiva por el sistema frontal que ha provocado intensas lluvias y fuertes r\u00e1fagas de viento. Estas condiciones meteorol\u00f3gicas han afectado la..","_links":{"self":[{"href":"https:\/\/elconquistadorredloslagos.cl\/test\/wp-json\/wp\/v2\/posts\/12998","targetHints":{"allow":["GET"]}}],"collection":[{"href":"https:\/\/elconquistadorredloslagos.cl\/test\/wp-json\/wp\/v2\/posts"}],"about":[{"href":"https:\/\/elconquistadorredloslagos.cl\/test\/wp-json\/wp\/v2\/types\/post"}],"author":[{"embeddable":true,"href":"https:\/\/elconquistadorredloslagos.cl\/test\/wp-json\/wp\/v2\/users\/2"}],"replies":[{"embeddable":true,"href":"https:\/\/elconquistadorredloslagos.cl\/test\/wp-json\/wp\/v2\/comments?post=12998"}],"version-history":[{"count":2,"href":"https:\/\/elconquistadorredloslagos.cl\/test\/wp-json\/wp\/v2\/posts\/12998\/revisions"}],"predecessor-version":[{"id":13003,"href":"https:\/\/elconquistadorredloslagos.cl\/test\/wp-json\/wp\/v2\/posts\/12998\/revisions\/13003"}],"wp:featuredmedia":[{"embeddable":true,"href":"https:\/\/elconquistadorredloslagos.cl\/test\/wp-json\/wp\/v2\/media\/13000"}],"wp:attachment":[{"href":"https:\/\/elconquistadorredloslagos.cl\/test\/wp-json\/wp\/v2\/media?parent=12998"}],"wp:term":[{"taxonomy":"category","embeddable":true,"href":"https:\/\/elconquistadorredloslagos.cl\/test\/wp-json\/wp\/v2\/categories?post=12998"},{"taxonomy":"post_tag","embeddable":true,"href":"https:\/\/elconquistadorredloslagos.cl\/test\/wp-json\/wp\/v2\/tags?post=12998"}],"curies":[{"name":"wp","href":"https:\/\/api.w.org\/{rel}","templated":true}]}}