{"id":12995,"date":"2025-08-11T11:17:19","date_gmt":"2025-08-11T15:17:19","guid":{"rendered":"https:\/\/elconquistadorredloslagos.cl\/test\/?p=12995"},"modified":"2025-08-11T11:17:20","modified_gmt":"2025-08-11T15:17:20","slug":"segunda-feria-de-la-salud-de-frutillar-realizo-cerca-de-400-prestaciones-medicas-y-sociales","status":"publish","type":"post","link":"https:\/\/elconquistadorredloslagos.cl\/test\/blog\/2025\/08\/11\/segunda-feria-de-la-salud-de-frutillar-realizo-cerca-de-400-prestaciones-medicas-y-sociales\/","title":{"rendered":"Segunda Feria de la Salud de Frutillar realiz\u00f3 cerca de 400 prestaciones m\u00e9dicas y sociales"},"content":{"rendered":"\n<p>Un positivo balance entreg\u00f3 el alcalde <strong>Javier Arismendi<\/strong> tras la realizaci\u00f3n de la <strong>Segunda Feria de la Salud 2025<\/strong>, efectuada el pasado s\u00e1bado en el Centro de Salud Familiar de la comuna. La actividad fue organizada por el municipio, a trav\u00e9s de la Oficina de Proyectos Sociales de Dideco, junto con la Red de Salud de Frutillar.<\/p>\n\n\n\n<h5 class=\"wp-block-heading has-text-align-center\">Balance de prestaciones<\/h5>\n\n\n\n<p>Durante la jornada, se realizaron diversas atenciones m\u00e9dicas y sociales:<\/p>\n\n\n\n<ul class=\"wp-block-list\">\n<li><strong>57<\/strong> atenciones m\u00e9dicas.<\/li>\n\n\n\n<li><strong>47<\/strong> atenciones dentales.<\/li>\n\n\n\n<li><strong>26<\/strong> atenciones de enfermer\u00eda.<\/li>\n\n\n\n<li><strong>14<\/strong> ex\u00e1menes preventivos.<\/li>\n\n\n\n<li><strong>18<\/strong> atenciones de podolog\u00eda.<\/li>\n\n\n\n<li><strong>35<\/strong> atenciones oftalmol\u00f3gicas.<\/li>\n\n\n\n<li><strong>21<\/strong> atenciones de \u00d3ptica Constanzo, con <strong>8 lentes donados<\/strong>.<\/li>\n\n\n\n<li><strong>15<\/strong> atenciones de fonoaudiolog\u00eda.<\/li>\n\n\n\n<li><strong>29<\/strong> atenciones ginecol\u00f3gicas.<\/li>\n<\/ul>\n\n\n\n<p>En total, estas sumaron <strong>262 atenciones de salud<\/strong>, a las que se agregaron <strong>14 prestaciones de masoterapia<\/strong> y <strong>6 consultas de psicolog\u00eda<\/strong>.<\/p>\n\n\n\n<p>Adem\u00e1s, se realizaron prestaciones de car\u00e1cter social a trav\u00e9s de distintas oficinas, como la jur\u00eddica, Chile Atiende y el Registro Social de Hogares, alcanzando cerca de <strong>400 prestaciones en total<\/strong>.<\/p>\n\n\n\n<h5 class=\"wp-block-heading has-text-align-center\">Actividades complementarias<\/h5>\n\n\n\n<p>La jornada no solo contempl\u00f3 servicios m\u00e9dicos, sino tambi\u00e9n <strong>prestaciones sociales y jur\u00eddicas<\/strong>, as\u00ed como actividades deportivas y recreativas para ni\u00f1os, j\u00f3venes y adultos.<\/p>\n\n\n\n<p>El alcalde Arismendi destac\u00f3 el gran n\u00famero de atenciones y el compromiso del personal de salud, funcionarios municipales y voluntarios que participaron. Asimismo, anunci\u00f3 que ya se est\u00e1 trabajando en la organizaci\u00f3n de la <strong>tercera versi\u00f3n de la Feria de la Salud<\/strong>, que se realizar\u00e1 este a\u00f1o en la localidad de Casma.<\/p>\n\n\n\n<h5 class=\"wp-block-heading has-text-align-center\">Agradecimientos<\/h5>\n\n\n\n<p>El municipio agradeci\u00f3 el apoyo de empresas y profesionales que hicieron posible la feria, como <strong>\u00d3ptica Constanzo<\/strong>, <strong>Cl\u00ednica Puerto Montt<\/strong>, <strong>Grupo Crecer<\/strong>, los odont\u00f3logos Cristian Navarro, Julio Contreras, Paula Gatica y Mariana Fern\u00e1ndez, as\u00ed como los m\u00e9dicos Isadora Figueroa, Nicol\u00e1s Bustos y Guillermo Herrera. Tambi\u00e9n se reconoci\u00f3 el trabajo de Dideco, la Red de Salud Municipal, Cesfam, y las oficinas de Proyectos Sociales y de Deporte.<\/p>\n","protected":false},"excerpt":{"rendered":"<p>Un positivo balance entreg\u00f3 el alcalde Javier Arismendi tras la realizaci\u00f3n de la Segunda Feria de la Salud 2025, efectuada el pasado s\u00e1bado en el Centro de Salud Familiar de..<\/p>\n","protected":false},"author":7,"featured_media":12996,"comment_status":"closed","ping_status":"open","sticky":false,"template":"","format":"standard","meta":{"footnotes":""},"categories":[28,54],"tags":[],"class_list":["post-12995","post","type-post","status-publish","format-standard","has-post-thumbnail","hentry","category-actual","category-lago-llanquihue"],"rttpg_featured_image_url":{"full":["https:\/\/elconquistadorredloslagos.cl\/test\/wp-content\/uploads\/2025\/08\/muni-frutillar-operativo.png",1920,1080,false],"landscape":["https:\/\/elconquistadorredloslagos.cl\/test\/wp-content\/uploads\/2025\/08\/muni-frutillar-operativo.png",1920,1080,false],"portraits":["https:\/\/elconquistadorredloslagos.cl\/test\/wp-content\/uploads\/2025\/08\/muni-frutillar-operativo.png",1920,1080,false],"thumbnail":["https:\/\/elconquistadorredloslagos.cl\/test\/wp-content\/uploads\/2025\/08\/muni-frutillar-operativo-150x150.png",150,150,true],"medium":["https:\/\/elconquistadorredloslagos.cl\/test\/wp-content\/uploads\/2025\/08\/muni-frutillar-operativo-300x169.png",300,169,true],"large":["https:\/\/elconquistadorredloslagos.cl\/test\/wp-content\/uploads\/2025\/08\/muni-frutillar-operativo-1024x576.png",1024,576,true],"1536x1536":["https:\/\/elconquistadorredloslagos.cl\/test\/wp-content\/uploads\/2025\/08\/muni-frutillar-operativo-1536x864.png",1536,864,true],"2048x2048":["https:\/\/elconquistadorredloslagos.cl\/test\/wp-content\/uploads\/2025\/08\/muni-frutillar-operativo.png",1920,1080,false]},"rttpg_author":{"display_name":"enzodelahoz1988","author_link":"https:\/\/elconquistadorredloslagos.cl\/test\/blog\/author\/enzodelahoz1988\/"},"rttpg_comment":0,"rttpg_category":"<a href=\"https:\/\/elconquistadorredloslagos.cl\/test\/blog\/category\/actual\/\" rel=\"category tag\">Actualidad<\/a> <a href=\"https:\/\/elconquistadorredloslagos.cl\/test\/blog\/category\/chile\/lago-llanquihue\/\" rel=\"category tag\">Lago LLanquihue<\/a>","rttpg_excerpt":"Un positivo balance entreg\u00f3 el alcalde Javier Arismendi tras la realizaci\u00f3n de la Segunda Feria de la Salud 2025, efectuada el pasado s\u00e1bado en el Centro de Salud Familiar de..","_links":{"self":[{"href":"https:\/\/elconquistadorredloslagos.cl\/test\/wp-json\/wp\/v2\/posts\/12995","targetHints":{"allow":["GET"]}}],"collection":[{"href":"https:\/\/elconquistadorredloslagos.cl\/test\/wp-json\/wp\/v2\/posts"}],"about":[{"href":"https:\/\/elconquistadorredloslagos.cl\/test\/wp-json\/wp\/v2\/types\/post"}],"author":[{"embeddable":true,"href":"https:\/\/elconquistadorredloslagos.cl\/test\/wp-json\/wp\/v2\/users\/7"}],"replies":[{"embeddable":true,"href":"https:\/\/elconquistadorredloslagos.cl\/test\/wp-json\/wp\/v2\/comments?post=12995"}],"version-history":[{"count":1,"href":"https:\/\/elconquistadorredloslagos.cl\/test\/wp-json\/wp\/v2\/posts\/12995\/revisions"}],"predecessor-version":[{"id":12997,"href":"https:\/\/elconquistadorredloslagos.cl\/test\/wp-json\/wp\/v2\/posts\/12995\/revisions\/12997"}],"wp:featuredmedia":[{"embeddable":true,"href":"https:\/\/elconquistadorredloslagos.cl\/test\/wp-json\/wp\/v2\/media\/12996"}],"wp:attachment":[{"href":"https:\/\/elconquistadorredloslagos.cl\/test\/wp-json\/wp\/v2\/media?parent=12995"}],"wp:term":[{"taxonomy":"category","embeddable":true,"href":"https:\/\/elconquistadorredloslagos.cl\/test\/wp-json\/wp\/v2\/categories?post=12995"},{"taxonomy":"post_tag","embeddable":true,"href":"https:\/\/elconquistadorredloslagos.cl\/test\/wp-json\/wp\/v2\/tags?post=12995"}],"curies":[{"name":"wp","href":"https:\/\/api.w.org\/{rel}","templated":true}]}}