{"id":12986,"date":"2025-08-11T10:45:25","date_gmt":"2025-08-11T14:45:25","guid":{"rendered":"https:\/\/elconquistadorredloslagos.cl\/test\/?p=12986"},"modified":"2025-08-11T10:45:26","modified_gmt":"2025-08-11T14:45:26","slug":"hospital-puerto-montt-se-sumo-a-la-semana-mundial-de-la-lactancia-materna-2025-prioricemos-la-lactancia-materna-construyendo-sistemas-de-apoyo-sostenibles","status":"publish","type":"post","link":"https:\/\/elconquistadorredloslagos.cl\/test\/blog\/2025\/08\/11\/hospital-puerto-montt-se-sumo-a-la-semana-mundial-de-la-lactancia-materna-2025-prioricemos-la-lactancia-materna-construyendo-sistemas-de-apoyo-sostenibles\/","title":{"rendered":"Hospital Puerto Montt se sum\u00f3 a la Semana Mundial de la Lactancia Materna 2025: \u201cPrioricemos la Lactancia Materna: Construyendo Sistemas de Apoyo Sostenibles\u201d"},"content":{"rendered":"\n<p>En el marco de la Semana Mundial de la Lactancia Materna, que este a\u00f1o se celebr\u00f3 bajo el lema <strong>\u201cPrioricemos la Lactancia Materna: Construyendo Sistemas de Apoyo Sostenibles\u201d<\/strong>, el Hospital Puerto Montt reafirm\u00f3 su compromiso con la promoci\u00f3n, protecci\u00f3n y apoyo de la lactancia materna como un acto vital de salud p\u00fablica.<\/p>\n\n\n\n<p>Durante la conmemoraci\u00f3n, diversos equipos profesionales del hospital impulsaron actividades para concientizar sobre la importancia de generar entornos seguros, informados y sostenidos para que las madres pudieran amamantar en condiciones \u00f3ptimas, tanto dentro del sistema de salud como en la comunidad.<\/p>\n\n\n\n<blockquote class=\"wp-block-quote is-layout-flow wp-block-quote-is-layout-flow\">\n<p>\u201cLa lactancia materna es el primer acto de amor y protecci\u00f3n hacia un hijo o hija. Es responsabilidad de todos \u2013familia, comunidad y sistema de salud\u2013 generar redes de apoyo sostenibles para que cada madre pueda vivir este proceso de forma segura y acompa\u00f1ada\u201d, se\u00f1al\u00f3 la Coordinadora de Matroner\u00eda del HPM, destacando la importancia del acompa\u00f1amiento profesional y familiar.<\/p>\n<\/blockquote>\n\n\n\n<h3 class=\"wp-block-heading\">Beneficios de la lactancia materna<\/h3>\n\n\n\n<p>La leche materna es el alimento ideal para el reci\u00e9n nacido, ya que contiene todos los nutrientes que necesita para un desarrollo saludable. Entre sus m\u00faltiples beneficios se destacaron:<\/p>\n\n\n\n<ul class=\"wp-block-list\">\n<li>Fortalece el sistema inmunol\u00f3gico del lactante.<\/li>\n\n\n\n<li>Favorece el v\u00ednculo afectivo entre madre e hijo.<\/li>\n\n\n\n<li>Reduce el riesgo de enfermedades respiratorias, digestivas y al\u00e9rgicas.<\/li>\n\n\n\n<li>Contribuye al desarrollo neurol\u00f3gico y emocional del ni\u00f1o.<\/li>\n\n\n\n<li>Disminuye el riesgo de depresi\u00f3n postparto en la madre.<\/li>\n\n\n\n<li>Previene enfermedades como c\u00e1ncer de mama y ovario en mujeres.<\/li>\n<\/ul>\n\n\n\n<blockquote class=\"wp-block-quote is-layout-flow wp-block-quote-is-layout-flow\">\n<p>\u201cComo equipo de matroner\u00eda, vemos cada d\u00eda los beneficios concretos de la lactancia en la salud de los ni\u00f1os y ni\u00f1as. Nuestro llamado es a proteger este derecho desde el nacimiento\u201d, expres\u00f3 Tatiana Mas del Hospital Puerto Montt.<\/p>\n<\/blockquote>\n\n\n\n<h3 class=\"wp-block-heading\">Recomendaciones del HPM a la comunidad<\/h3>\n\n\n\n<ul class=\"wp-block-list\">\n<li>Iniciar la lactancia durante la primera hora de vida del reci\u00e9n nacido.<\/li>\n\n\n\n<li>Mantener lactancia materna exclusiva durante los primeros 6 meses.<\/li>\n\n\n\n<li>Continuar con lactancia complementada con alimentaci\u00f3n saludable hasta los 2 a\u00f1os o m\u00e1s.<\/li>\n\n\n\n<li>Buscar apoyo en profesionales capacitados ante dudas o dificultades.<\/li>\n\n\n\n<li>Promover espacios laborales y comunitarios amigables con la lactancia.<\/li>\n<\/ul>\n\n\n\n<p>Desde el Hospital Puerto Montt se reiter\u00f3 el llamado a la comunidad a informarse, apoyar y fomentar la lactancia materna como un acto fundamental para la salud y el bienestar de las futuras generaciones.<\/p>\n","protected":false},"excerpt":{"rendered":"<p>En el marco de la Semana Mundial de la Lactancia Materna, que este a\u00f1o se celebr\u00f3 bajo el lema \u201cPrioricemos la Lactancia Materna: Construyendo Sistemas de Apoyo Sostenibles\u201d, el Hospital..<\/p>\n","protected":false},"author":7,"featured_media":12987,"comment_status":"closed","ping_status":"open","sticky":false,"template":"","format":"standard","meta":{"footnotes":""},"categories":[28],"tags":[],"class_list":["post-12986","post","type-post","status-publish","format-standard","has-post-thumbnail","hentry","category-actual"],"rttpg_featured_image_url":{"full":["https:\/\/elconquistadorredloslagos.cl\/test\/wp-content\/uploads\/2025\/08\/semana-de-la-alctancia-hospital.png",1920,1080,false],"landscape":["https:\/\/elconquistadorredloslagos.cl\/test\/wp-content\/uploads\/2025\/08\/semana-de-la-alctancia-hospital.png",1920,1080,false],"portraits":["https:\/\/elconquistadorredloslagos.cl\/test\/wp-content\/uploads\/2025\/08\/semana-de-la-alctancia-hospital.png",1920,1080,false],"thumbnail":["https:\/\/elconquistadorredloslagos.cl\/test\/wp-content\/uploads\/2025\/08\/semana-de-la-alctancia-hospital-150x150.png",150,150,true],"medium":["https:\/\/elconquistadorredloslagos.cl\/test\/wp-content\/uploads\/2025\/08\/semana-de-la-alctancia-hospital-300x169.png",300,169,true],"large":["https:\/\/elconquistadorredloslagos.cl\/test\/wp-content\/uploads\/2025\/08\/semana-de-la-alctancia-hospital-1024x576.png",1024,576,true],"1536x1536":["https:\/\/elconquistadorredloslagos.cl\/test\/wp-content\/uploads\/2025\/08\/semana-de-la-alctancia-hospital-1536x864.png",1536,864,true],"2048x2048":["https:\/\/elconquistadorredloslagos.cl\/test\/wp-content\/uploads\/2025\/08\/semana-de-la-alctancia-hospital.png",1920,1080,false]},"rttpg_author":{"display_name":"enzodelahoz1988","author_link":"https:\/\/elconquistadorredloslagos.cl\/test\/blog\/author\/enzodelahoz1988\/"},"rttpg_comment":0,"rttpg_category":"<a href=\"https:\/\/elconquistadorredloslagos.cl\/test\/blog\/category\/actual\/\" rel=\"category tag\">Actualidad<\/a>","rttpg_excerpt":"En el marco de la Semana Mundial de la Lactancia Materna, que este a\u00f1o se celebr\u00f3 bajo el lema \u201cPrioricemos la Lactancia Materna: Construyendo Sistemas de Apoyo Sostenibles\u201d, el Hospital..","_links":{"self":[{"href":"https:\/\/elconquistadorredloslagos.cl\/test\/wp-json\/wp\/v2\/posts\/12986","targetHints":{"allow":["GET"]}}],"collection":[{"href":"https:\/\/elconquistadorredloslagos.cl\/test\/wp-json\/wp\/v2\/posts"}],"about":[{"href":"https:\/\/elconquistadorredloslagos.cl\/test\/wp-json\/wp\/v2\/types\/post"}],"author":[{"embeddable":true,"href":"https:\/\/elconquistadorredloslagos.cl\/test\/wp-json\/wp\/v2\/users\/7"}],"replies":[{"embeddable":true,"href":"https:\/\/elconquistadorredloslagos.cl\/test\/wp-json\/wp\/v2\/comments?post=12986"}],"version-history":[{"count":1,"href":"https:\/\/elconquistadorredloslagos.cl\/test\/wp-json\/wp\/v2\/posts\/12986\/revisions"}],"predecessor-version":[{"id":12988,"href":"https:\/\/elconquistadorredloslagos.cl\/test\/wp-json\/wp\/v2\/posts\/12986\/revisions\/12988"}],"wp:featuredmedia":[{"embeddable":true,"href":"https:\/\/elconquistadorredloslagos.cl\/test\/wp-json\/wp\/v2\/media\/12987"}],"wp:attachment":[{"href":"https:\/\/elconquistadorredloslagos.cl\/test\/wp-json\/wp\/v2\/media?parent=12986"}],"wp:term":[{"taxonomy":"category","embeddable":true,"href":"https:\/\/elconquistadorredloslagos.cl\/test\/wp-json\/wp\/v2\/categories?post=12986"},{"taxonomy":"post_tag","embeddable":true,"href":"https:\/\/elconquistadorredloslagos.cl\/test\/wp-json\/wp\/v2\/tags?post=12986"}],"curies":[{"name":"wp","href":"https:\/\/api.w.org\/{rel}","templated":true}]}}