{"id":12984,"date":"2025-08-11T10:28:19","date_gmt":"2025-08-11T14:28:19","guid":{"rendered":"https:\/\/elconquistadorredloslagos.cl\/test\/?p=12984"},"modified":"2025-08-11T10:28:20","modified_gmt":"2025-08-11T14:28:20","slug":"cadem-jara-cae-cinco-puntos-y-matthei-recupera-el-tercer-lugar","status":"publish","type":"post","link":"https:\/\/elconquistadorredloslagos.cl\/test\/blog\/2025\/08\/11\/cadem-jara-cae-cinco-puntos-y-matthei-recupera-el-tercer-lugar\/","title":{"rendered":"Cadem: Jara cae cinco puntos y Matthei recupera el tercer lugar"},"content":{"rendered":"\n<p>Este domingo por la noche se dieron a conocer los resultados de la m\u00e1s reciente encuesta Plaza P\u00fablica Cadem, que revelan importantes movimientos en la carrera presidencial.<\/p>\n\n\n\n<p>El sondeo ubica nuevamente a <strong>Jos\u00e9 Antonio Kast<\/strong> a la cabeza con un <strong>28%<\/strong> de las preferencias, lo que representa una baja de un punto respecto a la medici\u00f3n anterior. En segundo lugar aparece la candidata oficialista <strong>Jeannette Jara<\/strong>, quien registra una fuerte ca\u00edda de <strong>cinco puntos<\/strong>, quedando con un <strong>26%<\/strong>. En tanto, <strong>Evelyn Matthei<\/strong> experimenta un repunte de cinco puntos, alcanzando un <strong>16%<\/strong> y regresando al tercer lugar.<\/p>\n\n\n\n<p>M\u00e1s atr\u00e1s se encuentran <strong>Franco Parisi<\/strong> con 12%, <strong>Johannes Kaiser<\/strong> con 5% (-1 punto), <strong>Marco Enr\u00edquez-Ominami<\/strong> con 2% (+1 punto), <strong>Harold Mayne-Nicholls<\/strong> con 1% y <strong>Eduardo Art\u00e9s<\/strong> con 0%. Un 10% declar\u00f3 que no votar\u00eda, no sabe o no responde.<\/p>\n\n\n\n<p>En cuanto a expectativas presidenciales, un <strong>39% cree que Kast ser\u00e1 el pr\u00f3ximo presidente de Chile<\/strong>, un 25% estima que lo ser\u00e1 Jara, un 8% se inclina por Matthei, un 7% por Parisi y un 3% por Kaiser.<\/p>\n\n\n\n<p>En los escenarios de segunda vuelta, Kast (48% vs 34%), Matthei (46% vs 37%) y Parisi (39% vs 36%) vencer\u00edan a Jara, mientras que la exministra s\u00f3lo superar\u00eda a Johannes Kaiser (41% vs 35%).<\/p>\n\n\n\n<p>Respecto al inter\u00e9s ciudadano, un 64% de los encuestados declar\u00f3 estar \u201cmuy interesado\u201d en las elecciones de noviembre y un 89% asegur\u00f3 tener decidido ir a votar.<\/p>\n\n\n\n<p>Finalmente, la aprobaci\u00f3n del Presidente Gabriel Boric subi\u00f3 a <strong>35%<\/strong> (+3 puntos), mientras que su desaprobaci\u00f3n baj\u00f3 a 62% (-4 puntos).<\/p>\n","protected":false},"excerpt":{"rendered":"<p>Este domingo por la noche se dieron a conocer los resultados de la m\u00e1s reciente encuesta Plaza P\u00fablica Cadem, que revelan importantes movimientos en la carrera presidencial. El sondeo ubica..<\/p>\n","protected":false},"author":7,"featured_media":12436,"comment_status":"closed","ping_status":"open","sticky":false,"template":"","format":"standard","meta":{"footnotes":""},"categories":[28],"tags":[],"class_list":["post-12984","post","type-post","status-publish","format-standard","has-post-thumbnail","hentry","category-actual"],"rttpg_featured_image_url":{"full":["https:\/\/elconquistadorredloslagos.cl\/test\/wp-content\/uploads\/2025\/07\/debate-frutillar.png",1920,1080,false],"landscape":["https:\/\/elconquistadorredloslagos.cl\/test\/wp-content\/uploads\/2025\/07\/debate-frutillar.png",1920,1080,false],"portraits":["https:\/\/elconquistadorredloslagos.cl\/test\/wp-content\/uploads\/2025\/07\/debate-frutillar.png",1920,1080,false],"thumbnail":["https:\/\/elconquistadorredloslagos.cl\/test\/wp-content\/uploads\/2025\/07\/debate-frutillar-150x150.png",150,150,true],"medium":["https:\/\/elconquistadorredloslagos.cl\/test\/wp-content\/uploads\/2025\/07\/debate-frutillar-300x169.png",300,169,true],"large":["https:\/\/elconquistadorredloslagos.cl\/test\/wp-content\/uploads\/2025\/07\/debate-frutillar-1024x576.png",1024,576,true],"1536x1536":["https:\/\/elconquistadorredloslagos.cl\/test\/wp-content\/uploads\/2025\/07\/debate-frutillar-1536x864.png",1536,864,true],"2048x2048":["https:\/\/elconquistadorredloslagos.cl\/test\/wp-content\/uploads\/2025\/07\/debate-frutillar.png",1920,1080,false]},"rttpg_author":{"display_name":"enzodelahoz1988","author_link":"https:\/\/elconquistadorredloslagos.cl\/test\/blog\/author\/enzodelahoz1988\/"},"rttpg_comment":0,"rttpg_category":"<a href=\"https:\/\/elconquistadorredloslagos.cl\/test\/blog\/category\/actual\/\" rel=\"category tag\">Actualidad<\/a>","rttpg_excerpt":"Este domingo por la noche se dieron a conocer los resultados de la m\u00e1s reciente encuesta Plaza P\u00fablica Cadem, que revelan importantes movimientos en la carrera presidencial. El sondeo ubica..","_links":{"self":[{"href":"https:\/\/elconquistadorredloslagos.cl\/test\/wp-json\/wp\/v2\/posts\/12984","targetHints":{"allow":["GET"]}}],"collection":[{"href":"https:\/\/elconquistadorredloslagos.cl\/test\/wp-json\/wp\/v2\/posts"}],"about":[{"href":"https:\/\/elconquistadorredloslagos.cl\/test\/wp-json\/wp\/v2\/types\/post"}],"author":[{"embeddable":true,"href":"https:\/\/elconquistadorredloslagos.cl\/test\/wp-json\/wp\/v2\/users\/7"}],"replies":[{"embeddable":true,"href":"https:\/\/elconquistadorredloslagos.cl\/test\/wp-json\/wp\/v2\/comments?post=12984"}],"version-history":[{"count":1,"href":"https:\/\/elconquistadorredloslagos.cl\/test\/wp-json\/wp\/v2\/posts\/12984\/revisions"}],"predecessor-version":[{"id":12985,"href":"https:\/\/elconquistadorredloslagos.cl\/test\/wp-json\/wp\/v2\/posts\/12984\/revisions\/12985"}],"wp:featuredmedia":[{"embeddable":true,"href":"https:\/\/elconquistadorredloslagos.cl\/test\/wp-json\/wp\/v2\/media\/12436"}],"wp:attachment":[{"href":"https:\/\/elconquistadorredloslagos.cl\/test\/wp-json\/wp\/v2\/media?parent=12984"}],"wp:term":[{"taxonomy":"category","embeddable":true,"href":"https:\/\/elconquistadorredloslagos.cl\/test\/wp-json\/wp\/v2\/categories?post=12984"},{"taxonomy":"post_tag","embeddable":true,"href":"https:\/\/elconquistadorredloslagos.cl\/test\/wp-json\/wp\/v2\/tags?post=12984"}],"curies":[{"name":"wp","href":"https:\/\/api.w.org\/{rel}","templated":true}]}}