{"id":12973,"date":"2025-08-08T18:22:21","date_gmt":"2025-08-08T22:22:21","guid":{"rendered":"https:\/\/elconquistadorredloslagos.cl\/test\/?p=12973"},"modified":"2025-08-08T18:22:21","modified_gmt":"2025-08-08T22:22:21","slug":"tragedia-en-castro-por-incendio-deja-a-una-adulta-mayor-fallecida","status":"publish","type":"post","link":"https:\/\/elconquistadorredloslagos.cl\/test\/blog\/2025\/08\/08\/tragedia-en-castro-por-incendio-deja-a-una-adulta-mayor-fallecida\/","title":{"rendered":"Tragedia en Castro por incendio deja a una adulta mayor fallecida"},"content":{"rendered":"\n<p>Una lamentable tragedia enluta a la comuna de Castro tras el incendio de una vivienda en el sector La Chacra, hecho que cobr\u00f3 la vida de una mujer adulta mayor, quien era la \u00fanica ocupante del inmueble.<\/p>\n\n\n\n<p>El siniestro se produjo la jornada del mi\u00e9rcoles pasado en el pasaje Patagonia. A pesar del r\u00e1pido actuar del Cuerpo de Bomberos de la ciudad, la v\u00edctima no logr\u00f3 escapar de las llamas. Su deceso fue confirmado por la mayor Mar\u00eda Ang\u00e9lica Mateos, de la Segunda Comisar\u00eda de Carabineros de Castro, quien acudi\u00f3 al lugar junto a personal de emergencia.<\/p>\n\n\n\n<figure class=\"wp-block-audio\"><audio controls src=\"https:\/\/elconquistadorredloslagos.cl\/test\/wp-content\/uploads\/2025\/08\/CUNA-CARABINEROS-CASTRO.mp3\"><\/audio><\/figure>\n\n\n\n<p>Hasta el sitio del suceso tambi\u00e9n se traslad\u00f3 el fiscal Andreas Kusch, quien confirm\u00f3 el inicio de una investigaci\u00f3n para esclarecer las causas del incendio. De manera preliminar, se\u00f1al\u00f3 que todo apunta a un origen accidental.<\/p>\n\n\n\n<figure class=\"wp-block-audio\"><audio controls src=\"https:\/\/elconquistadorredloslagos.cl\/test\/wp-content\/uploads\/2025\/08\/CUNA-FISCAL-KUSH.mp3\"><\/audio><\/figure>\n\n\n\n<p>Desde Bomberos reiteraron el llamado a la comunidad a realizar mantenciones peri\u00f3dicas a los sistemas de calefacci\u00f3n, especialmente durante la temporada de bajas temperaturas, como medida clave para prevenir este tipo de hechos que terminan en dolorosas consecuencias.<\/p>\n\n\n\n<p>\ud83d\udcf7 Redes sociales<\/p>\n","protected":false},"excerpt":{"rendered":"<p>Una lamentable tragedia enluta a la comuna de Castro tras el incendio de una vivienda en el sector La Chacra, hecho que cobr\u00f3 la vida de una mujer adulta mayor,..<\/p>\n","protected":false},"author":2,"featured_media":12976,"comment_status":"closed","ping_status":"open","sticky":false,"template":"","format":"standard","meta":{"footnotes":""},"categories":[1,28,51],"tags":[],"class_list":["post-12973","post","type-post","status-publish","format-standard","has-post-thumbnail","hentry","category-acontecer","category-actual","category-chiloe"],"rttpg_featured_image_url":{"full":["https:\/\/elconquistadorredloslagos.cl\/test\/wp-content\/uploads\/2025\/08\/img-33.jpg",1920,1080,false],"landscape":["https:\/\/elconquistadorredloslagos.cl\/test\/wp-content\/uploads\/2025\/08\/img-33.jpg",1920,1080,false],"portraits":["https:\/\/elconquistadorredloslagos.cl\/test\/wp-content\/uploads\/2025\/08\/img-33.jpg",1920,1080,false],"thumbnail":["https:\/\/elconquistadorredloslagos.cl\/test\/wp-content\/uploads\/2025\/08\/img-33-150x150.jpg",150,150,true],"medium":["https:\/\/elconquistadorredloslagos.cl\/test\/wp-content\/uploads\/2025\/08\/img-33-300x169.jpg",300,169,true],"large":["https:\/\/elconquistadorredloslagos.cl\/test\/wp-content\/uploads\/2025\/08\/img-33-1024x576.jpg",1024,576,true],"1536x1536":["https:\/\/elconquistadorredloslagos.cl\/test\/wp-content\/uploads\/2025\/08\/img-33-1536x864.jpg",1536,864,true],"2048x2048":["https:\/\/elconquistadorredloslagos.cl\/test\/wp-content\/uploads\/2025\/08\/img-33.jpg",1920,1080,false]},"rttpg_author":{"display_name":"ccardenas","author_link":"https:\/\/elconquistadorredloslagos.cl\/test\/blog\/author\/ccardenas\/"},"rttpg_comment":0,"rttpg_category":"<a href=\"https:\/\/elconquistadorredloslagos.cl\/test\/blog\/category\/actual\/acontecer\/\" rel=\"category tag\">Acontecer<\/a> <a href=\"https:\/\/elconquistadorredloslagos.cl\/test\/blog\/category\/actual\/\" rel=\"category tag\">Actualidad<\/a> <a href=\"https:\/\/elconquistadorredloslagos.cl\/test\/blog\/category\/chile\/chiloe\/\" rel=\"category tag\">Chilo\u00e9<\/a>","rttpg_excerpt":"Una lamentable tragedia enluta a la comuna de Castro tras el incendio de una vivienda en el sector La Chacra, hecho que cobr\u00f3 la vida de una mujer adulta mayor,..","_links":{"self":[{"href":"https:\/\/elconquistadorredloslagos.cl\/test\/wp-json\/wp\/v2\/posts\/12973","targetHints":{"allow":["GET"]}}],"collection":[{"href":"https:\/\/elconquistadorredloslagos.cl\/test\/wp-json\/wp\/v2\/posts"}],"about":[{"href":"https:\/\/elconquistadorredloslagos.cl\/test\/wp-json\/wp\/v2\/types\/post"}],"author":[{"embeddable":true,"href":"https:\/\/elconquistadorredloslagos.cl\/test\/wp-json\/wp\/v2\/users\/2"}],"replies":[{"embeddable":true,"href":"https:\/\/elconquistadorredloslagos.cl\/test\/wp-json\/wp\/v2\/comments?post=12973"}],"version-history":[{"count":1,"href":"https:\/\/elconquistadorredloslagos.cl\/test\/wp-json\/wp\/v2\/posts\/12973\/revisions"}],"predecessor-version":[{"id":12977,"href":"https:\/\/elconquistadorredloslagos.cl\/test\/wp-json\/wp\/v2\/posts\/12973\/revisions\/12977"}],"wp:featuredmedia":[{"embeddable":true,"href":"https:\/\/elconquistadorredloslagos.cl\/test\/wp-json\/wp\/v2\/media\/12976"}],"wp:attachment":[{"href":"https:\/\/elconquistadorredloslagos.cl\/test\/wp-json\/wp\/v2\/media?parent=12973"}],"wp:term":[{"taxonomy":"category","embeddable":true,"href":"https:\/\/elconquistadorredloslagos.cl\/test\/wp-json\/wp\/v2\/categories?post=12973"},{"taxonomy":"post_tag","embeddable":true,"href":"https:\/\/elconquistadorredloslagos.cl\/test\/wp-json\/wp\/v2\/tags?post=12973"}],"curies":[{"name":"wp","href":"https:\/\/api.w.org\/{rel}","templated":true}]}}