{"id":12953,"date":"2025-08-07T14:04:03","date_gmt":"2025-08-07T18:04:03","guid":{"rendered":"https:\/\/elconquistadorredloslagos.cl\/test\/?p=12953"},"modified":"2025-08-07T14:04:04","modified_gmt":"2025-08-07T18:04:04","slug":"muestra-inmersiva-conecta-la-ciencia-con-la-tradicion-maderera-de-chiloe","status":"publish","type":"post","link":"https:\/\/elconquistadorredloslagos.cl\/test\/blog\/2025\/08\/07\/muestra-inmersiva-conecta-la-ciencia-con-la-tradicion-maderera-de-chiloe\/","title":{"rendered":"Muestra Inmersiva conecta la ciencia con la tradici\u00f3n maderera de Chilo\u00e9"},"content":{"rendered":"\n<p>Una innovadora propuesta que une ciencia, historia y cultura se present\u00f3 en la hist\u00f3rica Iglesia San Pedro de Quicav\u00ed en la comuna de Quemchi. Se trata de la Muestra Inmersiva de la Madera Chilota, un proyecto impulsado por el Ministerio de Ciencia, Tecnolog\u00eda, Conocimiento e Innovaci\u00f3n, a trav\u00e9s del programa Ciencia P\u00fablica, con el objetivo de acercar a la comunidad los saberes ligados a la carpinter\u00eda de ribera y su relaci\u00f3n con la arquitectura en madera de las iglesias patrimoniales del Archipi\u00e9lago.<\/p>\n\n\n\n<p>La iniciativa se aloja en un contenedor especialmente acondicionado para entregar una experiencia sensorial, inmersiva y participativa. En su interior, los asistentes pueden interactuar con m\u00f3dulos que explican los sistemas constructivos tradicionales, explorar ensambles utilizados por generaciones de carpinteros y comprender los v\u00ednculos entre las embarcaciones chilotas y las iglesias, \u00edconos arquitect\u00f3nicos de la zona.<\/p>\n\n\n\n<p>El proyecto que es dirigido por Tom\u00e1s Jorquera, contempla una itinerancia por las comunas de Castro, Dalcahue y Quemchi, e incluye actividades formativas, visitas guiadas a templos patrimoniales y talleres pr\u00e1cticos dirigidos a estudiantes, artesanos, carpinteros de ribera y actores del \u00e1mbito tur\u00edstico.<\/p>\n\n\n\n<figure class=\"wp-block-audio\"><audio controls src=\"https:\/\/elconquistadorredloslagos.cl\/test\/wp-content\/uploads\/2025\/08\/CUNA-TOMAS-JORQUERA.mp3\"><\/audio><\/figure>\n\n\n\n<p>El contenido fue presentado por la arquitecta Katerine Araya, especialista en arquitectura vern\u00e1cula y autora del libro Origen y Sistema Constructivo de las Iglesias Patrimoniales de Chilo\u00e9, quien destac\u00f3 la importancia de preservar y transmitir estos conocimientos a nuevas generaciones. As\u00ed lo destac\u00f3 la Seremi de Ciencias de las regiones de Los R\u00edos y Los Lagos, Sandra Orellana.<\/p>\n\n\n\n<figure class=\"wp-block-audio\"><audio controls src=\"https:\/\/elconquistadorredloslagos.cl\/test\/wp-content\/uploads\/2025\/08\/CUNA-SEREMI-CIENCIAS.mp3\"><\/audio><\/figure>\n\n\n\n<p>El alcalde de Quemchi, Javier Ugarte, destac\u00f3 la posibilidad de poder contar con esta iniciativa en su comunidad.<\/p>\n\n\n\n<figure class=\"wp-block-audio\"><audio controls src=\"https:\/\/elconquistadorredloslagos.cl\/test\/wp-content\/uploads\/2025\/08\/CUNA-ALCALDE-QUEMCHI.mp3\"><\/audio><\/figure>\n\n\n\n<p>Asimismo, el delegado provincial, Marcelo Malague\u00f1o, relev\u00f3 que esta instancia fortalece el conocimiento ancestral sobre Chilo\u00e9 y su gente.<\/p>\n\n\n\n<figure class=\"wp-block-audio\"><audio controls src=\"https:\/\/elconquistadorredloslagos.cl\/test\/wp-content\/uploads\/2025\/08\/CUNA-DELEGADO.mp3\"><\/audio><\/figure>\n\n\n\n<p>La propuesta busca generar una apropiaci\u00f3n social del patrimonio desde una mirada que integra ciencia, tecnolog\u00eda y cultura, fortaleciendo el nexo entre conocimiento y territorio.<\/p>\n","protected":false},"excerpt":{"rendered":"<p>Una innovadora propuesta que une ciencia, historia y cultura se present\u00f3 en la hist\u00f3rica Iglesia San Pedro de Quicav\u00ed en la comuna de Quemchi. Se trata de la Muestra Inmersiva..<\/p>\n","protected":false},"author":2,"featured_media":12959,"comment_status":"closed","ping_status":"open","sticky":false,"template":"","format":"standard","meta":{"footnotes":""},"categories":[1,28,51,26,34],"tags":[],"class_list":["post-12953","post","type-post","status-publish","format-standard","has-post-thumbnail","hentry","category-acontecer","category-actual","category-chiloe","category-comunidad","category-cultura"],"rttpg_featured_image_url":{"full":["https:\/\/elconquistadorredloslagos.cl\/test\/wp-content\/uploads\/2025\/08\/img-29.jpg",1920,1080,false],"landscape":["https:\/\/elconquistadorredloslagos.cl\/test\/wp-content\/uploads\/2025\/08\/img-29.jpg",1920,1080,false],"portraits":["https:\/\/elconquistadorredloslagos.cl\/test\/wp-content\/uploads\/2025\/08\/img-29.jpg",1920,1080,false],"thumbnail":["https:\/\/elconquistadorredloslagos.cl\/test\/wp-content\/uploads\/2025\/08\/img-29-150x150.jpg",150,150,true],"medium":["https:\/\/elconquistadorredloslagos.cl\/test\/wp-content\/uploads\/2025\/08\/img-29-300x169.jpg",300,169,true],"large":["https:\/\/elconquistadorredloslagos.cl\/test\/wp-content\/uploads\/2025\/08\/img-29-1024x576.jpg",1024,576,true],"1536x1536":["https:\/\/elconquistadorredloslagos.cl\/test\/wp-content\/uploads\/2025\/08\/img-29-1536x864.jpg",1536,864,true],"2048x2048":["https:\/\/elconquistadorredloslagos.cl\/test\/wp-content\/uploads\/2025\/08\/img-29.jpg",1920,1080,false]},"rttpg_author":{"display_name":"ccardenas","author_link":"https:\/\/elconquistadorredloslagos.cl\/test\/blog\/author\/ccardenas\/"},"rttpg_comment":0,"rttpg_category":"<a href=\"https:\/\/elconquistadorredloslagos.cl\/test\/blog\/category\/actual\/acontecer\/\" rel=\"category tag\">Acontecer<\/a> <a href=\"https:\/\/elconquistadorredloslagos.cl\/test\/blog\/category\/actual\/\" rel=\"category tag\">Actualidad<\/a> <a href=\"https:\/\/elconquistadorredloslagos.cl\/test\/blog\/category\/chile\/chiloe\/\" rel=\"category tag\">Chilo\u00e9<\/a> <a href=\"https:\/\/elconquistadorredloslagos.cl\/test\/blog\/category\/comunidad\/\" rel=\"category tag\">Comunidad<\/a> <a href=\"https:\/\/elconquistadorredloslagos.cl\/test\/blog\/category\/cultura\/\" rel=\"category tag\">Cultural<\/a>","rttpg_excerpt":"Una innovadora propuesta que une ciencia, historia y cultura se present\u00f3 en la hist\u00f3rica Iglesia San Pedro de Quicav\u00ed en la comuna de Quemchi. Se trata de la Muestra Inmersiva..","_links":{"self":[{"href":"https:\/\/elconquistadorredloslagos.cl\/test\/wp-json\/wp\/v2\/posts\/12953","targetHints":{"allow":["GET"]}}],"collection":[{"href":"https:\/\/elconquistadorredloslagos.cl\/test\/wp-json\/wp\/v2\/posts"}],"about":[{"href":"https:\/\/elconquistadorredloslagos.cl\/test\/wp-json\/wp\/v2\/types\/post"}],"author":[{"embeddable":true,"href":"https:\/\/elconquistadorredloslagos.cl\/test\/wp-json\/wp\/v2\/users\/2"}],"replies":[{"embeddable":true,"href":"https:\/\/elconquistadorredloslagos.cl\/test\/wp-json\/wp\/v2\/comments?post=12953"}],"version-history":[{"count":1,"href":"https:\/\/elconquistadorredloslagos.cl\/test\/wp-json\/wp\/v2\/posts\/12953\/revisions"}],"predecessor-version":[{"id":12960,"href":"https:\/\/elconquistadorredloslagos.cl\/test\/wp-json\/wp\/v2\/posts\/12953\/revisions\/12960"}],"wp:featuredmedia":[{"embeddable":true,"href":"https:\/\/elconquistadorredloslagos.cl\/test\/wp-json\/wp\/v2\/media\/12959"}],"wp:attachment":[{"href":"https:\/\/elconquistadorredloslagos.cl\/test\/wp-json\/wp\/v2\/media?parent=12953"}],"wp:term":[{"taxonomy":"category","embeddable":true,"href":"https:\/\/elconquistadorredloslagos.cl\/test\/wp-json\/wp\/v2\/categories?post=12953"},{"taxonomy":"post_tag","embeddable":true,"href":"https:\/\/elconquistadorredloslagos.cl\/test\/wp-json\/wp\/v2\/tags?post=12953"}],"curies":[{"name":"wp","href":"https:\/\/api.w.org\/{rel}","templated":true}]}}