{"id":12943,"date":"2025-08-07T13:34:59","date_gmt":"2025-08-07T17:34:59","guid":{"rendered":"https:\/\/elconquistadorredloslagos.cl\/test\/?p=12943"},"modified":"2025-08-07T13:35:00","modified_gmt":"2025-08-07T17:35:00","slug":"fuga-de-gas-obliga-al-cierre-de-supermercado-y-moviliza-a-bomberos-en-osorno","status":"publish","type":"post","link":"https:\/\/elconquistadorredloslagos.cl\/test\/blog\/2025\/08\/07\/fuga-de-gas-obliga-al-cierre-de-supermercado-y-moviliza-a-bomberos-en-osorno\/","title":{"rendered":"Fuga de gas obliga al cierre de supermercado y moviliza a Bomberos en Osorno"},"content":{"rendered":"\n<p>Una emergencia por presunta fuga de gas gener\u00f3 preocupaci\u00f3n en el sector oriente de Osorno la tarde del mi\u00e9rcoles, movilizando a varias compa\u00f1\u00edas del Cuerpo de Bomberos hasta la avenida Julio Buschmann, entre las calles 18 de Septiembre y Argomedo.<\/p>\n\n\n\n<p>La situaci\u00f3n ocurri\u00f3 alrededor de las 15.00 horas y motiv\u00f3 el despliegue de personal especializado en materiales peligrosos. Tras una inspecci\u00f3n t\u00e9cnica, los voluntarios identificaron el posible origen del incidente al interior de un supermercado ubicado en el \u00e1rea, seg\u00fan confirm\u00f3 el capit\u00e1n de la Quinta Compa\u00f1\u00eda, Sergio Vald\u00e9s.<\/p>\n\n\n\n<p>En paralelo, la Escuela Espa\u00f1a, situada cerca del lugar, activ\u00f3 sus protocolos de seguridad y evacu\u00f3 preventivamente a estudiantes y funcionarios hacia una zona segura. La medida se mantuvo hasta que Bomberos verific\u00f3 las instalaciones del establecimiento educacional y descart\u00f3 riesgos.<\/p>\n\n\n\n<p>Producto de la emergencia, el supermercado afectado opt\u00f3 por cerrar sus puertas de forma temporal, mientras se normalizaba la situaci\u00f3n. No se reportaron personas lesionadas.<\/p>\n\n\n\n<p>\ud83d\udcf7 Redes sociales<\/p>\n","protected":false},"excerpt":{"rendered":"<p>Una emergencia por presunta fuga de gas gener\u00f3 preocupaci\u00f3n en el sector oriente de Osorno la tarde del mi\u00e9rcoles, movilizando a varias compa\u00f1\u00edas del Cuerpo de Bomberos hasta la avenida..<\/p>\n","protected":false},"author":2,"featured_media":12944,"comment_status":"closed","ping_status":"open","sticky":false,"template":"","format":"standard","meta":{"footnotes":""},"categories":[1,28,51],"tags":[],"class_list":["post-12943","post","type-post","status-publish","format-standard","has-post-thumbnail","hentry","category-acontecer","category-actual","category-chiloe"],"rttpg_featured_image_url":{"full":["https:\/\/elconquistadorredloslagos.cl\/test\/wp-content\/uploads\/2025\/08\/img-26.jpg",1920,1080,false],"landscape":["https:\/\/elconquistadorredloslagos.cl\/test\/wp-content\/uploads\/2025\/08\/img-26.jpg",1920,1080,false],"portraits":["https:\/\/elconquistadorredloslagos.cl\/test\/wp-content\/uploads\/2025\/08\/img-26.jpg",1920,1080,false],"thumbnail":["https:\/\/elconquistadorredloslagos.cl\/test\/wp-content\/uploads\/2025\/08\/img-26-150x150.jpg",150,150,true],"medium":["https:\/\/elconquistadorredloslagos.cl\/test\/wp-content\/uploads\/2025\/08\/img-26-300x169.jpg",300,169,true],"large":["https:\/\/elconquistadorredloslagos.cl\/test\/wp-content\/uploads\/2025\/08\/img-26-1024x576.jpg",1024,576,true],"1536x1536":["https:\/\/elconquistadorredloslagos.cl\/test\/wp-content\/uploads\/2025\/08\/img-26-1536x864.jpg",1536,864,true],"2048x2048":["https:\/\/elconquistadorredloslagos.cl\/test\/wp-content\/uploads\/2025\/08\/img-26.jpg",1920,1080,false]},"rttpg_author":{"display_name":"ccardenas","author_link":"https:\/\/elconquistadorredloslagos.cl\/test\/blog\/author\/ccardenas\/"},"rttpg_comment":0,"rttpg_category":"<a href=\"https:\/\/elconquistadorredloslagos.cl\/test\/blog\/category\/actual\/acontecer\/\" rel=\"category tag\">Acontecer<\/a> <a href=\"https:\/\/elconquistadorredloslagos.cl\/test\/blog\/category\/actual\/\" rel=\"category tag\">Actualidad<\/a> <a href=\"https:\/\/elconquistadorredloslagos.cl\/test\/blog\/category\/chile\/chiloe\/\" rel=\"category tag\">Chilo\u00e9<\/a>","rttpg_excerpt":"Una emergencia por presunta fuga de gas gener\u00f3 preocupaci\u00f3n en el sector oriente de Osorno la tarde del mi\u00e9rcoles, movilizando a varias compa\u00f1\u00edas del Cuerpo de Bomberos hasta la avenida..","_links":{"self":[{"href":"https:\/\/elconquistadorredloslagos.cl\/test\/wp-json\/wp\/v2\/posts\/12943","targetHints":{"allow":["GET"]}}],"collection":[{"href":"https:\/\/elconquistadorredloslagos.cl\/test\/wp-json\/wp\/v2\/posts"}],"about":[{"href":"https:\/\/elconquistadorredloslagos.cl\/test\/wp-json\/wp\/v2\/types\/post"}],"author":[{"embeddable":true,"href":"https:\/\/elconquistadorredloslagos.cl\/test\/wp-json\/wp\/v2\/users\/2"}],"replies":[{"embeddable":true,"href":"https:\/\/elconquistadorredloslagos.cl\/test\/wp-json\/wp\/v2\/comments?post=12943"}],"version-history":[{"count":1,"href":"https:\/\/elconquistadorredloslagos.cl\/test\/wp-json\/wp\/v2\/posts\/12943\/revisions"}],"predecessor-version":[{"id":12945,"href":"https:\/\/elconquistadorredloslagos.cl\/test\/wp-json\/wp\/v2\/posts\/12943\/revisions\/12945"}],"wp:featuredmedia":[{"embeddable":true,"href":"https:\/\/elconquistadorredloslagos.cl\/test\/wp-json\/wp\/v2\/media\/12944"}],"wp:attachment":[{"href":"https:\/\/elconquistadorredloslagos.cl\/test\/wp-json\/wp\/v2\/media?parent=12943"}],"wp:term":[{"taxonomy":"category","embeddable":true,"href":"https:\/\/elconquistadorredloslagos.cl\/test\/wp-json\/wp\/v2\/categories?post=12943"},{"taxonomy":"post_tag","embeddable":true,"href":"https:\/\/elconquistadorredloslagos.cl\/test\/wp-json\/wp\/v2\/tags?post=12943"}],"curies":[{"name":"wp","href":"https:\/\/api.w.org\/{rel}","templated":true}]}}