{"id":12939,"date":"2025-08-07T13:24:10","date_gmt":"2025-08-07T17:24:10","guid":{"rendered":"https:\/\/elconquistadorredloslagos.cl\/test\/?p=12939"},"modified":"2025-08-07T13:24:11","modified_gmt":"2025-08-07T17:24:11","slug":"alcaldesa-de-dalcahue-saluda-a-los-dirigentes-sociales-y-comunitarios-en-su-dia-son-el-corazon-de-nuestra-democracia-local","status":"publish","type":"post","link":"https:\/\/elconquistadorredloslagos.cl\/test\/blog\/2025\/08\/07\/alcaldesa-de-dalcahue-saluda-a-los-dirigentes-sociales-y-comunitarios-en-su-dia-son-el-corazon-de-nuestra-democracia-local\/","title":{"rendered":"Alcaldesa de Dalcahue saluda a los dirigentes sociales y comunitarios en su d\u00eda: \u201cSon el coraz\u00f3n de nuestra democracia local\u201d"},"content":{"rendered":"\n<p>En el marco del D\u00eda Nacional del Dirigente Social y Comunitario, la alcaldesa de Dalcahue, Alejandra Villegas, hizo llegar un sentido saludo a todas y todos quienes lideran organizaciones vecinales, territoriales, culturales, deportivas, sociales y funcionales de la comuna.<\/p>\n\n\n\n<p>La alcaldesa destac\u00f3 que el compromiso de las dirigencias ha sido clave para avanzar en obras, programas y decisiones que se construyen desde los barrios y sectores rurales, con la voz directa de la ciudadan\u00eda.<\/p>\n\n\n\n<figure class=\"wp-block-audio\"><audio controls src=\"https:\/\/elconquistadorredloslagos.cl\/test\/wp-content\/uploads\/2025\/08\/ALCALDESA-VILLEGAS-SALUDO-DIA-DEL-DIRIGENTE.mp3\"><\/audio><\/figure>\n\n\n\n<p>La jefa comunal tambi\u00e9n resalt\u00f3 el valor del trabajo voluntario y muchas veces silencioso que realizan las dirigencias, abriendo caminos, creando redes de apoyo y levantando las banderas de las comunidades incluso en los momentos m\u00e1s dif\u00edciles.<\/p>\n\n\n\n<p>Finalmente, reafirm\u00f3 el compromiso de su administraci\u00f3n con el fortalecimiento del tejido social y con el respeto a quienes representan a sus comunidades con convicci\u00f3n y vocaci\u00f3n.<\/p>\n","protected":false},"excerpt":{"rendered":"<p>En el marco del D\u00eda Nacional del Dirigente Social y Comunitario, la alcaldesa de Dalcahue, Alejandra Villegas, hizo llegar un sentido saludo a todas y todos quienes lideran organizaciones vecinales,..<\/p>\n","protected":false},"author":2,"featured_media":12941,"comment_status":"closed","ping_status":"open","sticky":false,"template":"","format":"standard","meta":{"footnotes":""},"categories":[1,28,51,26],"tags":[],"class_list":["post-12939","post","type-post","status-publish","format-standard","has-post-thumbnail","hentry","category-acontecer","category-actual","category-chiloe","category-comunidad"],"rttpg_featured_image_url":{"full":["https:\/\/elconquistadorredloslagos.cl\/test\/wp-content\/uploads\/2025\/08\/img-25.jpg",1920,1080,false],"landscape":["https:\/\/elconquistadorredloslagos.cl\/test\/wp-content\/uploads\/2025\/08\/img-25.jpg",1920,1080,false],"portraits":["https:\/\/elconquistadorredloslagos.cl\/test\/wp-content\/uploads\/2025\/08\/img-25.jpg",1920,1080,false],"thumbnail":["https:\/\/elconquistadorredloslagos.cl\/test\/wp-content\/uploads\/2025\/08\/img-25-150x150.jpg",150,150,true],"medium":["https:\/\/elconquistadorredloslagos.cl\/test\/wp-content\/uploads\/2025\/08\/img-25-300x169.jpg",300,169,true],"large":["https:\/\/elconquistadorredloslagos.cl\/test\/wp-content\/uploads\/2025\/08\/img-25-1024x576.jpg",1024,576,true],"1536x1536":["https:\/\/elconquistadorredloslagos.cl\/test\/wp-content\/uploads\/2025\/08\/img-25-1536x864.jpg",1536,864,true],"2048x2048":["https:\/\/elconquistadorredloslagos.cl\/test\/wp-content\/uploads\/2025\/08\/img-25.jpg",1920,1080,false]},"rttpg_author":{"display_name":"ccardenas","author_link":"https:\/\/elconquistadorredloslagos.cl\/test\/blog\/author\/ccardenas\/"},"rttpg_comment":0,"rttpg_category":"<a href=\"https:\/\/elconquistadorredloslagos.cl\/test\/blog\/category\/actual\/acontecer\/\" rel=\"category tag\">Acontecer<\/a> <a href=\"https:\/\/elconquistadorredloslagos.cl\/test\/blog\/category\/actual\/\" rel=\"category tag\">Actualidad<\/a> <a href=\"https:\/\/elconquistadorredloslagos.cl\/test\/blog\/category\/chile\/chiloe\/\" rel=\"category tag\">Chilo\u00e9<\/a> <a href=\"https:\/\/elconquistadorredloslagos.cl\/test\/blog\/category\/comunidad\/\" rel=\"category tag\">Comunidad<\/a>","rttpg_excerpt":"En el marco del D\u00eda Nacional del Dirigente Social y Comunitario, la alcaldesa de Dalcahue, Alejandra Villegas, hizo llegar un sentido saludo a todas y todos quienes lideran organizaciones vecinales,..","_links":{"self":[{"href":"https:\/\/elconquistadorredloslagos.cl\/test\/wp-json\/wp\/v2\/posts\/12939","targetHints":{"allow":["GET"]}}],"collection":[{"href":"https:\/\/elconquistadorredloslagos.cl\/test\/wp-json\/wp\/v2\/posts"}],"about":[{"href":"https:\/\/elconquistadorredloslagos.cl\/test\/wp-json\/wp\/v2\/types\/post"}],"author":[{"embeddable":true,"href":"https:\/\/elconquistadorredloslagos.cl\/test\/wp-json\/wp\/v2\/users\/2"}],"replies":[{"embeddable":true,"href":"https:\/\/elconquistadorredloslagos.cl\/test\/wp-json\/wp\/v2\/comments?post=12939"}],"version-history":[{"count":1,"href":"https:\/\/elconquistadorredloslagos.cl\/test\/wp-json\/wp\/v2\/posts\/12939\/revisions"}],"predecessor-version":[{"id":12942,"href":"https:\/\/elconquistadorredloslagos.cl\/test\/wp-json\/wp\/v2\/posts\/12939\/revisions\/12942"}],"wp:featuredmedia":[{"embeddable":true,"href":"https:\/\/elconquistadorredloslagos.cl\/test\/wp-json\/wp\/v2\/media\/12941"}],"wp:attachment":[{"href":"https:\/\/elconquistadorredloslagos.cl\/test\/wp-json\/wp\/v2\/media?parent=12939"}],"wp:term":[{"taxonomy":"category","embeddable":true,"href":"https:\/\/elconquistadorredloslagos.cl\/test\/wp-json\/wp\/v2\/categories?post=12939"},{"taxonomy":"post_tag","embeddable":true,"href":"https:\/\/elconquistadorredloslagos.cl\/test\/wp-json\/wp\/v2\/tags?post=12939"}],"curies":[{"name":"wp","href":"https:\/\/api.w.org\/{rel}","templated":true}]}}