{"id":12932,"date":"2025-08-07T08:28:53","date_gmt":"2025-08-07T12:28:53","guid":{"rendered":"https:\/\/elconquistadorredloslagos.cl\/test\/?p=12932"},"modified":"2025-08-07T08:29:26","modified_gmt":"2025-08-07T12:29:26","slug":"rechazan-internacion-de-menor-acusado-de-apunalar-a-otro-joven-en-puerto-montt","status":"publish","type":"post","link":"https:\/\/elconquistadorredloslagos.cl\/test\/blog\/2025\/08\/07\/rechazan-internacion-de-menor-acusado-de-apunalar-a-otro-joven-en-puerto-montt\/","title":{"rendered":"Rechazan internaci\u00f3n de menor acusado de apu\u00f1alar a otro joven en Puerto Montt"},"content":{"rendered":"\n<p>El Juzgado de Garant\u00eda de Puerto Montt rechaz\u00f3 la solicitud de internaci\u00f3n provisoria, para un adolescente imputado por atacar con un arma blanca a otro menor de edad quien permanece en riesgo vital. <\/p>\n\n\n\n<p>La Fiscal\u00eda apel\u00f3 ante la Corte de Apelaciones tras considerarse ilegal la detenci\u00f3n y dictarse arresto domiciliario total.<\/p>\n\n\n\n<p>El hecho ocurri\u00f3 en las inmediaciones del Mall Paseo Costanera, donde el acusado habr\u00eda agredido a la v\u00edctima con un objeto cortopunzante en el cuello. <\/p>\n\n\n\n<p>Seg\u00fan la fiscal Nathalie Yonsson, la acci\u00f3n fue presenciada por dos testigos y respaldada por registros audiovisuales que muestran la llegada y huida del sospechoso, cuyas vestimentas fueron incautadas y presentaban elementos indiciarios.<\/p>\n\n\n\n<p>El Ministerio P\u00fablico plante\u00f3 que el ataque estar\u00eda relacionado con rencillas previas entre ambos entornos sociales y solicit\u00f3 la internaci\u00f3n considerando la gravedad de la agresi\u00f3n. <\/p>\n\n\n\n<p>Pese a ello, el tribunal orden\u00f3 el arresto domiciliario total, prohibici\u00f3n de acercarse a la v\u00edctima y testigos, y la participaci\u00f3n en un programa de intervenci\u00f3n. La decisi\u00f3n qued\u00f3 ahora en manos del tribunal de alzada.<\/p>\n\n\n\n<p>\ud83d\udcf7 Redes sociales <\/p>\n","protected":false},"excerpt":{"rendered":"<p>El Juzgado de Garant\u00eda de Puerto Montt rechaz\u00f3 la solicitud de internaci\u00f3n provisoria, para un adolescente imputado por atacar con un arma blanca a otro menor de edad quien permanece..<\/p>\n","protected":false},"author":2,"featured_media":12933,"comment_status":"closed","ping_status":"open","sticky":false,"template":"","format":"standard","meta":{"footnotes":""},"categories":[1,28,56],"tags":[],"class_list":["post-12932","post","type-post","status-publish","format-standard","has-post-thumbnail","hentry","category-acontecer","category-actual","category-puerto-montt"],"rttpg_featured_image_url":{"full":["https:\/\/elconquistadorredloslagos.cl\/test\/wp-content\/uploads\/2025\/08\/Presentacion-Proyecto-Trabajo-Creativo-Organico-Multicolor_20250807_082333_0000.jpg",1920,1080,false],"landscape":["https:\/\/elconquistadorredloslagos.cl\/test\/wp-content\/uploads\/2025\/08\/Presentacion-Proyecto-Trabajo-Creativo-Organico-Multicolor_20250807_082333_0000.jpg",1920,1080,false],"portraits":["https:\/\/elconquistadorredloslagos.cl\/test\/wp-content\/uploads\/2025\/08\/Presentacion-Proyecto-Trabajo-Creativo-Organico-Multicolor_20250807_082333_0000.jpg",1920,1080,false],"thumbnail":["https:\/\/elconquistadorredloslagos.cl\/test\/wp-content\/uploads\/2025\/08\/Presentacion-Proyecto-Trabajo-Creativo-Organico-Multicolor_20250807_082333_0000-150x150.jpg",150,150,true],"medium":["https:\/\/elconquistadorredloslagos.cl\/test\/wp-content\/uploads\/2025\/08\/Presentacion-Proyecto-Trabajo-Creativo-Organico-Multicolor_20250807_082333_0000-300x169.jpg",300,169,true],"large":["https:\/\/elconquistadorredloslagos.cl\/test\/wp-content\/uploads\/2025\/08\/Presentacion-Proyecto-Trabajo-Creativo-Organico-Multicolor_20250807_082333_0000-1024x576.jpg",1024,576,true],"1536x1536":["https:\/\/elconquistadorredloslagos.cl\/test\/wp-content\/uploads\/2025\/08\/Presentacion-Proyecto-Trabajo-Creativo-Organico-Multicolor_20250807_082333_0000-1536x864.jpg",1536,864,true],"2048x2048":["https:\/\/elconquistadorredloslagos.cl\/test\/wp-content\/uploads\/2025\/08\/Presentacion-Proyecto-Trabajo-Creativo-Organico-Multicolor_20250807_082333_0000.jpg",1920,1080,false]},"rttpg_author":{"display_name":"ccardenas","author_link":"https:\/\/elconquistadorredloslagos.cl\/test\/blog\/author\/ccardenas\/"},"rttpg_comment":0,"rttpg_category":"<a href=\"https:\/\/elconquistadorredloslagos.cl\/test\/blog\/category\/actual\/acontecer\/\" rel=\"category tag\">Acontecer<\/a> <a href=\"https:\/\/elconquistadorredloslagos.cl\/test\/blog\/category\/actual\/\" rel=\"category tag\">Actualidad<\/a> <a href=\"https:\/\/elconquistadorredloslagos.cl\/test\/blog\/category\/chile\/puerto-montt\/\" rel=\"category tag\">Puerto Montt<\/a>","rttpg_excerpt":"El Juzgado de Garant\u00eda de Puerto Montt rechaz\u00f3 la solicitud de internaci\u00f3n provisoria, para un adolescente imputado por atacar con un arma blanca a otro menor de edad quien permanece..","_links":{"self":[{"href":"https:\/\/elconquistadorredloslagos.cl\/test\/wp-json\/wp\/v2\/posts\/12932","targetHints":{"allow":["GET"]}}],"collection":[{"href":"https:\/\/elconquistadorredloslagos.cl\/test\/wp-json\/wp\/v2\/posts"}],"about":[{"href":"https:\/\/elconquistadorredloslagos.cl\/test\/wp-json\/wp\/v2\/types\/post"}],"author":[{"embeddable":true,"href":"https:\/\/elconquistadorredloslagos.cl\/test\/wp-json\/wp\/v2\/users\/2"}],"replies":[{"embeddable":true,"href":"https:\/\/elconquistadorredloslagos.cl\/test\/wp-json\/wp\/v2\/comments?post=12932"}],"version-history":[{"count":2,"href":"https:\/\/elconquistadorredloslagos.cl\/test\/wp-json\/wp\/v2\/posts\/12932\/revisions"}],"predecessor-version":[{"id":12935,"href":"https:\/\/elconquistadorredloslagos.cl\/test\/wp-json\/wp\/v2\/posts\/12932\/revisions\/12935"}],"wp:featuredmedia":[{"embeddable":true,"href":"https:\/\/elconquistadorredloslagos.cl\/test\/wp-json\/wp\/v2\/media\/12933"}],"wp:attachment":[{"href":"https:\/\/elconquistadorredloslagos.cl\/test\/wp-json\/wp\/v2\/media?parent=12932"}],"wp:term":[{"taxonomy":"category","embeddable":true,"href":"https:\/\/elconquistadorredloslagos.cl\/test\/wp-json\/wp\/v2\/categories?post=12932"},{"taxonomy":"post_tag","embeddable":true,"href":"https:\/\/elconquistadorredloslagos.cl\/test\/wp-json\/wp\/v2\/tags?post=12932"}],"curies":[{"name":"wp","href":"https:\/\/api.w.org\/{rel}","templated":true}]}}