{"id":12919,"date":"2025-08-06T14:33:22","date_gmt":"2025-08-06T18:33:22","guid":{"rendered":"https:\/\/elconquistadorredloslagos.cl\/test\/?p=12919"},"modified":"2025-08-06T14:33:23","modified_gmt":"2025-08-06T18:33:23","slug":"caen-dos-menores-por-brutal-apunalamiento-a-adolescente-en-puerto-montt","status":"publish","type":"post","link":"https:\/\/elconquistadorredloslagos.cl\/test\/blog\/2025\/08\/06\/caen-dos-menores-por-brutal-apunalamiento-a-adolescente-en-puerto-montt\/","title":{"rendered":"Caen dos menores por brutal apu\u00f1alamiento a adolescente en Puerto Montt"},"content":{"rendered":"\n<p>Un segundo adolescente fue detenido por su presunta participaci\u00f3n en el ataque con arma blanca que dej\u00f3 en riesgo vital a un joven de 16 a\u00f1os, la tarde del martes en las afueras del Mall Paseo Costanera, en Puerto Montt.<\/p>\n\n\n\n<p>La v\u00edctima fue apu\u00f1alada en el cuello durante una ri\u00f1a ocurrida en el sector Paseo de los Vientos, donde se encontraba con un grupo de personas. Seg\u00fan testigos, al menos uno de los involucrados extrajo un arma cortopunzante.<\/p>\n\n\n\n<p>Bomberos y personal del Servicio de Atenci\u00f3n M\u00e9dica de Urgencia (SAMU) acudieron al lugar y prestaron los primeros auxilios. La gravedad de la herida oblig\u00f3 a trasladarlo de urgencia al Hospital de Puerto Montt, donde fue intervenido quir\u00fargicamente.<\/p>\n\n\n\n<p>Carabineros detuvo inicialmente a un menor de 15 a\u00f1os que arroj\u00f3 un cuchillo al suelo al ver la presencia policial. Esa misma noche fue capturado un segundo implicado, quien ser\u00e1 formalizado este mi\u00e9rcoles.<\/p>\n\n\n\n<p>El adolescente herido cuenta con doce detenciones previas y medidas cautelares vigentes. Hasta ahora no se ha confirmado si los involucrados cursan estudios escolares.<\/p>\n\n\n\n<p>El Laboratorio de Criminal\u00edstica de Carabineros (LABOCAR) y la Secci\u00f3n de Investigaci\u00f3n Policial (SIP) quedaron a cargo de las diligencias para esclarecer el caso.<\/p>\n\n\n\n<p>\ud83d\udcf7 Emergencias y Noticias Al Minuto &#8211; Facebook<\/p>\n","protected":false},"excerpt":{"rendered":"<p>Un segundo adolescente fue detenido por su presunta participaci\u00f3n en el ataque con arma blanca que dej\u00f3 en riesgo vital a un joven de 16 a\u00f1os, la tarde del martes..<\/p>\n","protected":false},"author":2,"featured_media":12921,"comment_status":"closed","ping_status":"open","sticky":false,"template":"","format":"standard","meta":{"footnotes":""},"categories":[28,39],"tags":[],"class_list":["post-12919","post","type-post","status-publish","format-standard","has-post-thumbnail","hentry","category-actual","category-educacion"],"rttpg_featured_image_url":{"full":["https:\/\/elconquistadorredloslagos.cl\/test\/wp-content\/uploads\/2025\/08\/img-23.jpg",1920,1080,false],"landscape":["https:\/\/elconquistadorredloslagos.cl\/test\/wp-content\/uploads\/2025\/08\/img-23.jpg",1920,1080,false],"portraits":["https:\/\/elconquistadorredloslagos.cl\/test\/wp-content\/uploads\/2025\/08\/img-23.jpg",1920,1080,false],"thumbnail":["https:\/\/elconquistadorredloslagos.cl\/test\/wp-content\/uploads\/2025\/08\/img-23-150x150.jpg",150,150,true],"medium":["https:\/\/elconquistadorredloslagos.cl\/test\/wp-content\/uploads\/2025\/08\/img-23-300x169.jpg",300,169,true],"large":["https:\/\/elconquistadorredloslagos.cl\/test\/wp-content\/uploads\/2025\/08\/img-23-1024x576.jpg",1024,576,true],"1536x1536":["https:\/\/elconquistadorredloslagos.cl\/test\/wp-content\/uploads\/2025\/08\/img-23-1536x864.jpg",1536,864,true],"2048x2048":["https:\/\/elconquistadorredloslagos.cl\/test\/wp-content\/uploads\/2025\/08\/img-23.jpg",1920,1080,false]},"rttpg_author":{"display_name":"ccardenas","author_link":"https:\/\/elconquistadorredloslagos.cl\/test\/blog\/author\/ccardenas\/"},"rttpg_comment":0,"rttpg_category":"<a href=\"https:\/\/elconquistadorredloslagos.cl\/test\/blog\/category\/actual\/\" rel=\"category tag\">Actualidad<\/a> <a href=\"https:\/\/elconquistadorredloslagos.cl\/test\/blog\/category\/actual\/educacion\/\" rel=\"category tag\">Educaci\u00f3n<\/a>","rttpg_excerpt":"Un segundo adolescente fue detenido por su presunta participaci\u00f3n en el ataque con arma blanca que dej\u00f3 en riesgo vital a un joven de 16 a\u00f1os, la tarde del martes..","_links":{"self":[{"href":"https:\/\/elconquistadorredloslagos.cl\/test\/wp-json\/wp\/v2\/posts\/12919","targetHints":{"allow":["GET"]}}],"collection":[{"href":"https:\/\/elconquistadorredloslagos.cl\/test\/wp-json\/wp\/v2\/posts"}],"about":[{"href":"https:\/\/elconquistadorredloslagos.cl\/test\/wp-json\/wp\/v2\/types\/post"}],"author":[{"embeddable":true,"href":"https:\/\/elconquistadorredloslagos.cl\/test\/wp-json\/wp\/v2\/users\/2"}],"replies":[{"embeddable":true,"href":"https:\/\/elconquistadorredloslagos.cl\/test\/wp-json\/wp\/v2\/comments?post=12919"}],"version-history":[{"count":1,"href":"https:\/\/elconquistadorredloslagos.cl\/test\/wp-json\/wp\/v2\/posts\/12919\/revisions"}],"predecessor-version":[{"id":12922,"href":"https:\/\/elconquistadorredloslagos.cl\/test\/wp-json\/wp\/v2\/posts\/12919\/revisions\/12922"}],"wp:featuredmedia":[{"embeddable":true,"href":"https:\/\/elconquistadorredloslagos.cl\/test\/wp-json\/wp\/v2\/media\/12921"}],"wp:attachment":[{"href":"https:\/\/elconquistadorredloslagos.cl\/test\/wp-json\/wp\/v2\/media?parent=12919"}],"wp:term":[{"taxonomy":"category","embeddable":true,"href":"https:\/\/elconquistadorredloslagos.cl\/test\/wp-json\/wp\/v2\/categories?post=12919"},{"taxonomy":"post_tag","embeddable":true,"href":"https:\/\/elconquistadorredloslagos.cl\/test\/wp-json\/wp\/v2\/tags?post=12919"}],"curies":[{"name":"wp","href":"https:\/\/api.w.org\/{rel}","templated":true}]}}