{"id":12796,"date":"2025-08-01T18:41:13","date_gmt":"2025-08-01T22:41:13","guid":{"rendered":"https:\/\/elconquistadorredloslagos.cl\/test\/?p=12796"},"modified":"2025-08-01T18:41:13","modified_gmt":"2025-08-01T22:41:13","slug":"ya-esta-abierta-al-publico-la-exposicion-cientifica-y-sensorial-mas-esperada-del-ano-en-dalcahue","status":"publish","type":"post","link":"https:\/\/elconquistadorredloslagos.cl\/test\/blog\/2025\/08\/01\/ya-esta-abierta-al-publico-la-exposicion-cientifica-y-sensorial-mas-esperada-del-ano-en-dalcahue\/","title":{"rendered":"\u00a1Ya est\u00e1 abierta al p\u00fablico la exposici\u00f3n cient\u00edfica y sensorial m\u00e1s esperada del a\u00f1o en Dalcahue!"},"content":{"rendered":"\n<p><br>Ya se encuentra abierta al p\u00fablico, de manera totalmente gratuita, la exposici\u00f3n \u201cEl Despertar de los Sentidos\u201d, del Museo Interactivo Mirador (MIM), en el gimnasio de la Escuela B\u00e1sica de Dalcahue. Se trata de una experiencia \u00fanica en su tipo, pensada para todas las edades, donde el juego, la curiosidad y el asombro se transforman en herramientas para descubrir el conocimiento.<\/p>\n\n\n\n<p>Hay que hacer presente que Dalcahue es la \u00fanica comuna en todo Chilo\u00e9 donde se est\u00e1 presentando esta muestra, lo que convierte esta visita en una oportunidad imperdible para los habitantes de la provincia.<\/p>\n\n\n\n<p>La exposici\u00f3n estar\u00e1 disponible hasta el s\u00e1bado 23 de agosto, en horario continuado de 10.00 a 17.30 horas, de martes a s\u00e1bado. Durante la semana, delegaciones escolares de distintos niveles podr\u00e1n recorrer los 16 m\u00f3dulos interactivos dise\u00f1ados para estimular los sentidos y aprender de manera activa. El s\u00e1bado, en tanto, ser\u00e1 una jornada especialmente dedicada a las familias y p\u00fablico general, para que nadie se quede sin vivir esta inolvidable experiencia.<\/p>\n\n\n\n<p>As\u00ed lo se\u00f1al\u00f3 la alcaldesa de Dalcahue, Alejandra Villegas despu\u00e9s de inaugurar oficialmente la muestra.<\/p>\n\n\n\n<figure class=\"wp-block-audio\"><audio controls src=\"https:\/\/elconquistadorredloslagos.cl\/test\/wp-content\/uploads\/2025\/08\/ALCALDESA-VILLEGAS-MIM.mp3\"><\/audio><\/figure>\n\n\n\n<p>Por su parte, el representante del MIM, Cristi\u00e1n Rodr\u00edguez, agradeci\u00f3 el compromiso del municipio.<\/p>\n\n\n\n<figure class=\"wp-block-audio\"><audio controls src=\"https:\/\/elconquistadorredloslagos.cl\/test\/wp-content\/uploads\/2025\/08\/CRISTIAN-RODRIGUEZ-MIN.mp3\"><\/audio><\/figure>\n\n\n\n<p>\u201cEl Despertar de los Sentidos\u201d es la exposici\u00f3n m\u00e1s emblem\u00e1tica del museo y re\u00fane contenidos de salas ic\u00f3nicas como Percepci\u00f3n, Ponte a Prueba, Fluidos, Arte y Luz, incorporando incluso piezas que no se exhiben en Santiago, por lo que esta versi\u00f3n tiene un valor especial.<\/p>\n\n\n\n<p>La actividad es posible gracias a una coordinaci\u00f3n conjunta entre el MIM y la municipalidad de Dalcahue, que ha puesto a disposici\u00f3n de la comunidad este espacio de encuentro con la ciencia, la creatividad y el descubrimiento.<\/p>\n\n\n\n<figure class=\"wp-block-gallery has-nested-images columns-default is-cropped wp-block-gallery-1 is-layout-flex wp-block-gallery-is-layout-flex\">\n<figure class=\"wp-block-image size-large\"><img loading=\"lazy\" decoding=\"async\" width=\"1024\" height=\"938\" data-id=\"12800\" src=\"https:\/\/elconquistadorredloslagos.cl\/test\/wp-content\/uploads\/2025\/08\/WhatsApp-Image-2025-08-01-at-13.49.19-1024x938.jpeg\" alt=\"\" class=\"wp-image-12800\" \/><\/figure>\n<\/figure>\n","protected":false},"excerpt":{"rendered":"<p>Ya se encuentra abierta al p\u00fablico, de manera totalmente gratuita, la exposici\u00f3n \u201cEl Despertar de los Sentidos\u201d, del Museo Interactivo Mirador (MIM), en el gimnasio de la Escuela B\u00e1sica de..<\/p>\n","protected":false},"author":2,"featured_media":12799,"comment_status":"closed","ping_status":"open","sticky":false,"template":"","format":"standard","meta":{"footnotes":""},"categories":[1,28,51,39,27],"tags":[],"class_list":["post-12796","post","type-post","status-publish","format-standard","has-post-thumbnail","hentry","category-acontecer","category-actual","category-chiloe","category-educacion","category-tecnologia"],"rttpg_featured_image_url":{"full":["https:\/\/elconquistadorredloslagos.cl\/test\/wp-content\/uploads\/2025\/08\/img-9.jpg",1920,1080,false],"landscape":["https:\/\/elconquistadorredloslagos.cl\/test\/wp-content\/uploads\/2025\/08\/img-9.jpg",1920,1080,false],"portraits":["https:\/\/elconquistadorredloslagos.cl\/test\/wp-content\/uploads\/2025\/08\/img-9.jpg",1920,1080,false],"thumbnail":["https:\/\/elconquistadorredloslagos.cl\/test\/wp-content\/uploads\/2025\/08\/img-9-150x150.jpg",150,150,true],"medium":["https:\/\/elconquistadorredloslagos.cl\/test\/wp-content\/uploads\/2025\/08\/img-9-300x169.jpg",300,169,true],"large":["https:\/\/elconquistadorredloslagos.cl\/test\/wp-content\/uploads\/2025\/08\/img-9-1024x576.jpg",1024,576,true],"1536x1536":["https:\/\/elconquistadorredloslagos.cl\/test\/wp-content\/uploads\/2025\/08\/img-9-1536x864.jpg",1536,864,true],"2048x2048":["https:\/\/elconquistadorredloslagos.cl\/test\/wp-content\/uploads\/2025\/08\/img-9.jpg",1920,1080,false]},"rttpg_author":{"display_name":"ccardenas","author_link":"https:\/\/elconquistadorredloslagos.cl\/test\/blog\/author\/ccardenas\/"},"rttpg_comment":0,"rttpg_category":"<a href=\"https:\/\/elconquistadorredloslagos.cl\/test\/blog\/category\/actual\/acontecer\/\" rel=\"category tag\">Acontecer<\/a> <a href=\"https:\/\/elconquistadorredloslagos.cl\/test\/blog\/category\/actual\/\" rel=\"category tag\">Actualidad<\/a> <a href=\"https:\/\/elconquistadorredloslagos.cl\/test\/blog\/category\/chile\/chiloe\/\" rel=\"category tag\">Chilo\u00e9<\/a> <a href=\"https:\/\/elconquistadorredloslagos.cl\/test\/blog\/category\/actual\/educacion\/\" rel=\"category tag\">Educaci\u00f3n<\/a> <a href=\"https:\/\/elconquistadorredloslagos.cl\/test\/blog\/category\/actual\/tecnologia\/\" rel=\"category tag\">Tecnologias<\/a>","rttpg_excerpt":"Ya se encuentra abierta al p\u00fablico, de manera totalmente gratuita, la exposici\u00f3n \u201cEl Despertar de los Sentidos\u201d, del Museo Interactivo Mirador (MIM), en el gimnasio de la Escuela B\u00e1sica de..","_links":{"self":[{"href":"https:\/\/elconquistadorredloslagos.cl\/test\/wp-json\/wp\/v2\/posts\/12796","targetHints":{"allow":["GET"]}}],"collection":[{"href":"https:\/\/elconquistadorredloslagos.cl\/test\/wp-json\/wp\/v2\/posts"}],"about":[{"href":"https:\/\/elconquistadorredloslagos.cl\/test\/wp-json\/wp\/v2\/types\/post"}],"author":[{"embeddable":true,"href":"https:\/\/elconquistadorredloslagos.cl\/test\/wp-json\/wp\/v2\/users\/2"}],"replies":[{"embeddable":true,"href":"https:\/\/elconquistadorredloslagos.cl\/test\/wp-json\/wp\/v2\/comments?post=12796"}],"version-history":[{"count":1,"href":"https:\/\/elconquistadorredloslagos.cl\/test\/wp-json\/wp\/v2\/posts\/12796\/revisions"}],"predecessor-version":[{"id":12801,"href":"https:\/\/elconquistadorredloslagos.cl\/test\/wp-json\/wp\/v2\/posts\/12796\/revisions\/12801"}],"wp:featuredmedia":[{"embeddable":true,"href":"https:\/\/elconquistadorredloslagos.cl\/test\/wp-json\/wp\/v2\/media\/12799"}],"wp:attachment":[{"href":"https:\/\/elconquistadorredloslagos.cl\/test\/wp-json\/wp\/v2\/media?parent=12796"}],"wp:term":[{"taxonomy":"category","embeddable":true,"href":"https:\/\/elconquistadorredloslagos.cl\/test\/wp-json\/wp\/v2\/categories?post=12796"},{"taxonomy":"post_tag","embeddable":true,"href":"https:\/\/elconquistadorredloslagos.cl\/test\/wp-json\/wp\/v2\/tags?post=12796"}],"curies":[{"name":"wp","href":"https:\/\/api.w.org\/{rel}","templated":true}]}}